{"id":11078,"date":"2021-12-06T17:57:13","date_gmt":"2021-12-06T17:57:13","guid":{"rendered":"http:\/\/staging.ibermusicas.org\/?p=11078"},"modified":"2021-12-06T17:57:13","modified_gmt":"2021-12-06T17:57:13","slug":"la-artista-chilena-francesca-ancarola-presenta-en-portugal-su-trabajo-basado-en-poemas-de-gabriela-mistral","status":"publish","type":"post","link":"http:\/\/staging.ibermusicas.org\/index.php\/la-artista-chilena-francesca-ancarola-presenta-en-portugal-su-trabajo-basado-en-poemas-de-gabriela-mistral\/","title":{"rendered":"La artista chilena Francesca Ancarola presenta en Portugal su trabajo basado en poemas de Gabriela Mistral"},"content":{"rendered":"<p>Francesca Ancarola es compositora e int\u00e9rprete chilena de folclor contempor\u00e1neo. Tiene diez discos editados a la fecha, dos de ellos Premio Altazor, en el 2001 por \u201cPasaje de ida y vuelta\u201d y en el 2007 por \u201cLonqu\u00e9n \u2013 Tributo a V\u00edctor Jara\u201d. Entre su discograf\u00eda destaca adem\u00e1s \u201cArrullos \u2013 canciones de cuna latinoamericanas\u201d, una selecci\u00f3n de nanas del continente, realizado en conjunto con el pianista de Entre R\u00edos, Argentina, Carlos Aguirre para Unicef, editado por el sello Shagrada Medra.<\/p>\n<p>Siendo una de las cantantes de mayor reconocimiento en su pa\u00eds, Francesca ha representado a Chile en festivales tales como Festival de Jazz de Ouro Preto\u2010Brasil, Festival de Jazz de Lisboa\u2010Portugal, Festival CulturAmerica de Pau\u2010 Francia, Festival Americanto de Mendoza, Festival de Jazz de Santa F\u00e9, Festival Chilejazz, EXIB Portugal y en el S\u00e9ptimo Festival M\u00fasica de la Tierra de Uruguay entre otros conciertos. Francesca tambi\u00e9n represent\u00f3 a Chile en la ceremonia del reconocimiento por parte de Unesco del Camino del Inca como patrimonio de la humanidad; y como invitada a \u201cTraigo un Pueblo en mi voz\u201d, homenaje a Mercedes Sosa en Santa Catalina Jujuy dirigido por Popi Spatocco.<\/p>\n<p>Ha compartido conciertos y proyectos musicales con m\u00fasicos tales como Carlos \u201cNegro\u201d Aguirre, Antonio Restucci, Sim\u00f3n Schriever, Ensamble Quintessence, Pedro Aznar, Hugo Fattoruso, Juan Quintero, Aca Seca Tr\u00edo, Lea Freire, Aura Tr\u00edo, StuMindemann, Cristina Narea y Leo Minax entre otros artistas.<\/p>\n<p>Compone, arregla y produce sus propios proyectos musicales y desde hace un par de a\u00f1os participa activamente en el colectivo de cincuenta y en mujeres cantoras que dieron vida a \u201cHerencia Rebelde\u201d; disco triple en homenaje a Violeta Parra en su centenario.<\/p>\n<p>El Festival de las Mar\u00edas es un evento internacional y multidisciplinario, que se basa en la perspectiva del arte en lo femenino, es decir, en la creaci\u00f3n y explotaci\u00f3n femenina en las m\u00e1s diversas \u00e1reas de la creaci\u00f3n art\u00edstica. As\u00ed, el festival pretende presentar varias propuestas de diversas \u00e1reas art\u00edsticas, todas ellas obras de mujeres, sobre mujeres, pero para todos. El Festival de las Mar\u00edas 2021 ha tenido como sedes varios sitios del Alentejo: Beja, Aljustrel, Gr\u00e2ndola, M\u00e9rtola y Santiago do Cac\u00e9m, potenciando alianzas y dando continuidad al trabajo entre municipios y agentes culturales iniciado por el FITA &#8211; Festival Internacional de Teatro del Alentejo.<\/p>\n<p>Presentaci\u00f3n en Festival das Mar\u00edas disponible hasta el 25 de diciembre en\u00a0<a href=\"https:\/\/lt.mydplr.com\/f1463d30fe6d1db0bcd2a661eae7fb3c-81868bec073b3970fa62af291f12b42d\" target=\"_blank\" rel=\"noopener\" data-saferedirecturl=\"https:\/\/www.google.com\/url?hl=es&amp;q=https:\/\/lt.mydplr.com\/f1463d30fe6d1db0bcd2a661eae7fb3c-81868bec073b3970fa62af291f12b42d&amp;source=gmail&amp;ust=1638897553093000&amp;usg=AOvVaw2zZk6V40YDkyPxgPHCKf5R\">youtube.com<\/a><\/p>\n","protected":false},"excerpt":{"rendered":"<p>Francesca Ancarola es compositora e int\u00e9rprete chilena de folclor contempor\u00e1neo. Tiene diez discos editados a la fecha, dos de ellos Premio Altazor, en el 2001 por \u201cPasaje de ida y vuelta\u201d y en el 2007 por \u201cLonqu\u00e9n \u2013 Tributo a V\u00edctor Jara\u201d. Entre su discograf\u00eda destaca adem\u00e1s \u201cArrullos \u2013 canciones de cuna latinoamericanas\u201d, una selecci\u00f3n [&hellip;]<\/p>\n","protected":false},"author":1,"featured_media":11079,"comment_status":"closed","ping_status":"closed","sticky":false,"template":"","format":"standard","meta":{"footnotes":""},"categories":[53],"tags":[],"class_list":["post-11078","post","type-post","status-publish","format-standard","has-post-thumbnail","hentry","category-noticias-generales"],"lang":"es","translations":{"es":11078,"pt":11081},"pll_sync_post":[],"post_mailing_queue_ids":[],"_links":{"self":[{"href":"http:\/\/staging.ibermusicas.org\/index.php\/wp-json\/wp\/v2\/posts\/11078","targetHints":{"allow":["GET"]}}],"collection":[{"href":"http:\/\/staging.ibermusicas.org\/index.php\/wp-json\/wp\/v2\/posts"}],"about":[{"href":"http:\/\/staging.ibermusicas.org\/index.php\/wp-json\/wp\/v2\/types\/post"}],"author":[{"embeddable":true,"href":"http:\/\/staging.ibermusicas.org\/index.php\/wp-json\/wp\/v2\/users\/1"}],"replies":[{"embeddable":true,"href":"http:\/\/staging.ibermusicas.org\/index.php\/wp-json\/wp\/v2\/comments?post=11078"}],"version-history":[{"count":1,"href":"http:\/\/staging.ibermusicas.org\/index.php\/wp-json\/wp\/v2\/posts\/11078\/revisions"}],"predecessor-version":[{"id":11080,"href":"http:\/\/staging.ibermusicas.org\/index.php\/wp-json\/wp\/v2\/posts\/11078\/revisions\/11080"}],"wp:featuredmedia":[{"embeddable":true,"href":"http:\/\/staging.ibermusicas.org\/index.php\/wp-json\/wp\/v2\/media\/11079"}],"wp:attachment":[{"href":"http:\/\/staging.ibermusicas.org\/index.php\/wp-json\/wp\/v2\/media?parent=11078"}],"wp:term":[{"taxonomy":"category","embeddable":true,"href":"http:\/\/staging.ibermusicas.org\/index.php\/wp-json\/wp\/v2\/categories?post=11078"},{"taxonomy":"post_tag","embeddable":true,"href":"http:\/\/staging.ibermusicas.org\/index.php\/wp-json\/wp\/v2\/tags?post=11078"}],"curies":[{"name":"wp","href":"https:\/\/api.w.org\/{rel}","templated":true}]}}