{"id":11081,"date":"2021-12-06T17:58:14","date_gmt":"2021-12-06T17:58:14","guid":{"rendered":"http:\/\/staging.ibermusicas.org\/?p=11081"},"modified":"2021-12-06T17:58:14","modified_gmt":"2021-12-06T17:58:14","slug":"a-artista-chilena-francesca-ancarola-apresenta-em-portugal-seu-trabalho-baseado-em-poemas-de-gabriela-mistral","status":"publish","type":"post","link":"http:\/\/staging.ibermusicas.org\/index.php\/a-artista-chilena-francesca-ancarola-apresenta-em-portugal-seu-trabalho-baseado-em-poemas-de-gabriela-mistral\/","title":{"rendered":"A artista chilena Francesca Ancarola apresenta em Portugal seu trabalho baseado em poemas de Gabriela Mistral"},"content":{"rendered":"<p>Francesca Ancarola \u00e9 compositora e int\u00e9rprete chilena de folclore contempor\u00e2neo. Tem dez discos editados na data, dois deles Pr\u00eamio Altazor, em 2001 por \u00abPassagem de ida e volta\u00bb e em 2007 por \u00abLonqu\u00e9n &#8211; Tributo a V\u00edctor Jara\u00bb. Entre sua discografia destaca-se tamb\u00e9m \u00abArrullos &#8211; can\u00e7\u00f5es de ber\u00e7o latino-americanas\u00bb, uma sele\u00e7\u00e3o de nanas do continente, realizado em conjunto com o pianista de Entre R\u00edos, Argentina, Carlos Aguirre para Unicef, editado pelo selo Shagrada Medra.<\/p>\n<p>Sendo uma das cantoras de maior reconhecimento em seu pa\u00eds, Francesca tem representado o Chile em festivais tais como Festival de Jazz de Ouro Preto Brasil, Festival de Jazz de Lisboa Portugal, Festival CulturAmerica de Pau Francia, Festival Americanto de Mendoza, Festival de Jazz de Santa F\u00e9, Festival Chilejazz, EXIB Portugal e no S\u00e9timo Festival M\u00fasica da Terra do Uruguai entre outros concertos. Francesca tamb\u00e9m representou o Chile na cerim\u00f4nia do reconhecimento por parte da Unesco do Caminho do Inca como patrim\u00f4nio da humanidade; e como convidada a \u00abTraigo un Pueblo en mi voz\u00bb, homenagem a Mercedes Sosa em Santa Catalina Jujuy dirigido por Popi Spatocco.<\/p>\n<p>Compartilhou concertos e projetos musicais com m\u00fasicos como Carlos \u00abNegro\u00bb Aguirre, Antonio Restucci, Sim\u00f3n Schriever, Ensamble Quintessence, Pedro Aznar, Hugo Fattoruso, Juan Quintero, Aca Seca Tr\u00edo, Lea Freire, Aura Tr\u00edo, Stu Mindemann, Cristina Narea e Leo Minax entre outros artistas.<\/p>\n<p>Comp\u00f5e, conserta e produz seus pr\u00f3prios projetos musicais e h\u00e1 alguns anos participa ativamente no coletivo de cinquenta e em mulheres cantoras que deram vida a \u00abHeran\u00e7a Rebelde\u00bb; disco triplo em homenagem a Violeta Parra em seu centen\u00e1rio.<\/p>\n<p>O Festival das Marias \u00e9 um evento internacional e pluridisciplinar, que se baseia na perspectiva da arte no feminino, ou seja, na cria\u00e7\u00e3o e explora\u00e7\u00e3o feminina nas mais diversificadas \u00e1reas da cria\u00e7\u00e3o art\u00edstica. Assim, o festival pretende apresentar v\u00e1rias propostas de diversas \u00e1reas art\u00edsticas, todas elas obras de mulheres, sobre mulheres, mas para todos. O Festival das Marias 2021 tem tido como sedes v\u00e1rios locais do Alentejo: Beja, Aljustrel, Gr\u00e2ndola, M\u00e9rtola e Santiago do Cac\u00e9m, potenciando parcerias e dando continuidade ao trabalho entre munic\u00edpios e agentes culturais iniciado pelo FITA &#8211; Festival Internacional de Teatro do Alentejo.<\/p>\n<p>Apresenta\u00e7\u00e3o no Festival das Marias dispon\u00edvel at\u00e9 25 de dezembro em\u00a0<a href=\"https:\/\/lt.mydplr.com\/f1463d30fe6d1db0bcd2a661eae7fb3c-81868bec073b3970fa62af291f12b42d\" target=\"_blank\" rel=\"noopener\" data-saferedirecturl=\"https:\/\/www.google.com\/url?hl=es&amp;q=https:\/\/lt.mydplr.com\/f1463d30fe6d1db0bcd2a661eae7fb3c-81868bec073b3970fa62af291f12b42d&amp;source=gmail&amp;ust=1638897553093000&amp;usg=AOvVaw2zZk6V40YDkyPxgPHCKf5R\">youtube.com<\/a><\/p>\n","protected":false},"excerpt":{"rendered":"<p>Francesca Ancarola \u00e9 compositora e int\u00e9rprete chilena de folclore contempor\u00e2neo. Tem dez discos editados na data, dois deles Pr\u00eamio Altazor, em 2001 por \u00abPassagem de ida e volta\u00bb e em 2007 por \u00abLonqu\u00e9n &#8211; Tributo a V\u00edctor Jara\u00bb. Entre sua discografia destaca-se tamb\u00e9m \u00abArrullos &#8211; can\u00e7\u00f5es de ber\u00e7o latino-americanas\u00bb, uma sele\u00e7\u00e3o de nanas do continente, [&hellip;]<\/p>\n","protected":false},"author":1,"featured_media":11079,"comment_status":"closed","ping_status":"closed","sticky":false,"template":"","format":"standard","meta":{"footnotes":""},"categories":[218],"tags":[],"class_list":["post-11081","post","type-post","status-publish","format-standard","has-post-thumbnail","hentry","category-noticias-generales-pt"],"lang":"pt","translations":{"pt":11081,"es":11078},"pll_sync_post":[],"post_mailing_queue_ids":[],"_links":{"self":[{"href":"http:\/\/staging.ibermusicas.org\/index.php\/wp-json\/wp\/v2\/posts\/11081","targetHints":{"allow":["GET"]}}],"collection":[{"href":"http:\/\/staging.ibermusicas.org\/index.php\/wp-json\/wp\/v2\/posts"}],"about":[{"href":"http:\/\/staging.ibermusicas.org\/index.php\/wp-json\/wp\/v2\/types\/post"}],"author":[{"embeddable":true,"href":"http:\/\/staging.ibermusicas.org\/index.php\/wp-json\/wp\/v2\/users\/1"}],"replies":[{"embeddable":true,"href":"http:\/\/staging.ibermusicas.org\/index.php\/wp-json\/wp\/v2\/comments?post=11081"}],"version-history":[{"count":1,"href":"http:\/\/staging.ibermusicas.org\/index.php\/wp-json\/wp\/v2\/posts\/11081\/revisions"}],"predecessor-version":[{"id":11082,"href":"http:\/\/staging.ibermusicas.org\/index.php\/wp-json\/wp\/v2\/posts\/11081\/revisions\/11082"}],"wp:featuredmedia":[{"embeddable":true,"href":"http:\/\/staging.ibermusicas.org\/index.php\/wp-json\/wp\/v2\/media\/11079"}],"wp:attachment":[{"href":"http:\/\/staging.ibermusicas.org\/index.php\/wp-json\/wp\/v2\/media?parent=11081"}],"wp:term":[{"taxonomy":"category","embeddable":true,"href":"http:\/\/staging.ibermusicas.org\/index.php\/wp-json\/wp\/v2\/categories?post=11081"},{"taxonomy":"post_tag","embeddable":true,"href":"http:\/\/staging.ibermusicas.org\/index.php\/wp-json\/wp\/v2\/tags?post=11081"}],"curies":[{"name":"wp","href":"https:\/\/api.w.org\/{rel}","templated":true}]}}