{"id":11125,"date":"2021-12-15T11:18:55","date_gmt":"2021-12-15T11:18:55","guid":{"rendered":"http:\/\/staging.ibermusicas.org\/?p=11125"},"modified":"2022-06-01T05:47:47","modified_gmt":"2022-06-01T05:47:47","slug":"un-jurado-integrado-por-compositoras-y-compositores-de-primer-nivel-realizo-el-proceso-de-calificacion-y-seleccion-de-las-obras-ganadoras-del-premio-ibermusicas-de-composicion-y-estreno-de-obra-20","status":"publish","type":"post","link":"http:\/\/staging.ibermusicas.org\/index.php\/un-jurado-integrado-por-compositoras-y-compositores-de-primer-nivel-realizo-el-proceso-de-calificacion-y-seleccion-de-las-obras-ganadoras-del-premio-ibermusicas-de-composicion-y-estreno-de-obra-20\/","title":{"rendered":"Un jurado integrado por compositoras y compositores de primer nivel realiz\u00f3 el proceso de calificaci\u00f3n y selecci\u00f3n de las obras ganadoras del \u00abPremio Iberm\u00fasicas de Composici\u00f3n y Estreno de Obra\u00bb 2021"},"content":{"rendered":"<p>Con el objetivo de fomentar la creaci\u00f3n de nuevas obras y a la vez posibilitar su estreno, Iberm\u00fasicas dise\u00f1\u00f3 este concurso en el cual fueron premiadas diez obras de diez artistas iberoamericanos. La premiaci\u00f3n incluye, adem\u00e1s del premio a la creaci\u00f3n, el estreno de las obras ganadoras por parte de ensambles o agrupaciones de pa\u00edses designados, diferentes a los de la nacionalidad de la compositora o del compositor. Esto fue pensado con el prop\u00f3sito de fomentar el crecimiento de una red que vincule la creaci\u00f3n, la interpretaci\u00f3n y la cooperaci\u00f3n entre nuestros pa\u00edses.<\/p>\n<p>El jurado integrado por Nelly G\u00f3mez de Argentina, Leonardo Martinelli de Brasil y Cergio Prudencio de Bolivia trabaj\u00f3 intensamente en la elecci\u00f3n de las diez obras ganadoras de entre las sesenta y cuatro presentadas a concurso. El jurado destac\u00f3 el alt\u00edsimo nivel art\u00edstico de gran parte de las obras presentadas a concurso. Todas las obras fueron elegidas por consenso absoluto entre los tres miembros del jurado.<\/p>\n<p>Nelly Beatriz G\u00f3mez. Argentina. Es Profesora de Artes, M\u00fasica por la Universidad Nacional de las Artes, Profesora Superior de M\u00fasica con especializaci\u00f3n en Composici\u00f3n, Compositora con especializaci\u00f3n en M\u00fasica de C\u00e1mara y Sinf\u00f3nica, Post T\u00edtulo en \u201cM\u00fasica Contempor\u00e1nea y medios mixtos\u201d por el Conservatorio Superior de M\u00fasica Manuel de Falla. Se desempe\u00f1a como Presidenta del \u201cForo Argentino de Compositoras\u201d e integra la Comisi\u00f3n Directiva de la Asociaci\u00f3n Argentina de Compositores. Participa como jurado en distintos concursos, nacionales e internacionales, en 2019, 2020 y 2021 para Premios Gardel, en 2020 y 2021 para el Premio Nacional de Composici\u00f3n de Panam\u00e1. Se desempe\u00f1a como Jefa del Departamento de M\u00fasica y Profesora del Colegio Nacional de Buenos Aires, Universidad de Bs. As. y Profesora del Conservatorio Superior de M\u00fasica M. de Falla. Ha compuesto obras solistas, de c\u00e1mara, corales, sinf\u00f3nicas y \u00f3peras. La m\u00fasica es su forma de expresar y transmitir su sentir, su pensamiento social y la reivindicaci\u00f3n de los Derechos Humanos.<\/p>\n<p>Leonardo Martinelli. Brasil. Es compositor, profesor de m\u00fasica, conferencista e investigador, doctorado por la UNESP (Universidad Estatal de S\u00e3o Paulo). Sus investigaciones y composiciones enfatizan el tema del afecto y de la expresividad como elemento estructural en las po\u00e9ticas musicales contempor\u00e1neas. En los \u00faltimos a\u00f1os, ha dirigido los programas educativos del Theatro Municipal de S\u00e3o Paulo y ha estado trabajando en el debate y la promoci\u00f3n de la m\u00fasica cl\u00e1sica como un factor de cambio social y sostenibilidad, incluidas dos conferencias compartidas en Classical:NEXT, en Rotterdam. En la actualidad, imparte clases en la Faculdade Santa Marcelina y en la Escola Municipal de M\u00fasica de S\u00e3o Paulo. Recientemente, su \u00f3pera \u201cEl pavo de Navidad\u201d fue estrenada en el Theatro S\u00e3o Pedro de S\u00e3o Paulo. Tuvo \u00f3peras comisionadas por el Theatro Municipal de S\u00e3o Paulo (Navaja en la carne) y el Festival Amazonas de \u00d3pera (Tres minutos de sol). Por el momento, adem\u00e1s de participar en diversos proyectos de composici\u00f3n y creaci\u00f3n musical, Leonardo Martinelli act\u00faa como profesor de composici\u00f3n, historia de la m\u00fasica, est\u00e9tica musical y de fundamentos del lenguaje musical en la Faculdade Santa Marcelina y de an\u00e1lisis musical, teor\u00eda de la m\u00fasica y del taller contempor\u00e1neo en la Escola Municipal de M\u00fasica de S\u00e3o Paulo,, adem\u00e1s de actuar como colaborador para la Revista Concerto.<\/p>\n<p>Cergio Prudencio. Bolivia. Es compositor, director de orquesta, te\u00f3rico e investigador, docente, gestor cultural y poeta. Su labor musical est\u00e1 indisolublemente ligada a la Orquesta Experimental de Instrumentos Nativos (OEIN) en su calidad de fundador y Director Em\u00e9rito. Su obra compositiva se ha ramificado aut\u00f3nomamente en sendas paralelas que abarcan otros instrumentos occidentales convencionales, solos, grupos de c\u00e1mara, m\u00fasica sinf\u00f3nica y electroac\u00fastica, y una \u00f3pera de c\u00e1mara, as\u00ed como m\u00fasica para cine y audiovisual. En poes\u00eda public\u00f3 Temporalia 7 (2018) e Im\u00e1genes desimaginadas (2021), ambos en Editorial 3600. Fue becario de la Fundaci\u00f3n Guggenheim, Presidente de la Fundaci\u00f3n Cultural del Banco Central de Bolivia y Viceministro de Interculturalidad.<\/p>\n<p>Con orgullo y alegr\u00eda anunciamos los nombres de las obras ganadoras y de sus creadoras y creadores:<\/p>\n<p>Pa\u00eds: Argentina<br \/>\nObra: Quemar las naves<br \/>\nPara: Clarinete bajo y dos guitarras el\u00e9ctricas<br \/>\nCompositor: Gonzalo Marhuenda<br \/>\nSeud\u00f3nimo: Mario Santos<br \/>\nEnsamble: Nancy &#8211; Uruguay<\/p>\n<p>Pa\u00eds: Brasil<br \/>\nObra: Entressonho<br \/>\nPara: flauta alto, clarinete bajo, arpa y percusi\u00f3n<br \/>\nCompositor: Felipe de Almeida Ribeiro<br \/>\nSeud\u00f3nimo: Mario de Andrade<br \/>\nEnsamble: Ensamble CG &#8211; Colombia<\/p>\n<p>Pa\u00eds: Chile<br \/>\nObra: Si oscura la vista<br \/>\nPara: tres violines, viola y violoncello<br \/>\nCompositor: Cristian Alejandro Morales Ossio<br \/>\nSeud\u00f3nimo: Andrei<br \/>\nEnsamble: Pu Joa &#8211; Paraguay<\/p>\n<p>Pa\u00eds: Colombia<br \/>\nObra: Solo<br \/>\nPara: Para clarinete, saxof\u00f3n alto y fagot<br \/>\nCompositor: Jes\u00fas Buend\u00eda Puyo<br \/>\nSeud\u00f3nimo: Vaho<br \/>\nEnsamble: Abstrai Ensemble &#8211; Brasil<\/p>\n<p>Pa\u00eds: Costa Rica<br \/>\nObra: \u00daltimo Sol<br \/>\nPara: contratenor, clarinete, viol\u0131\u0301n, viola, cello y contrabajo<br \/>\nCompositor: Pablo Santiago Chin Pampillo<br \/>\nSeud\u00f3nimo: J. S. Leverkh\u00fcn<br \/>\nEnsamble: Ensamble Paisaxe &#8211; Panam\u00e1<\/p>\n<p>Pa\u00eds: Ecuador<br \/>\nObra: LIM-A<br \/>\nPara: piano intervenido, saxo alto y electr\u00f3nica fija<br \/>\nCompositora: Ana Gonz\u00e1lez Gamboa<br \/>\nSeud\u00f3nimo: xyz<br \/>\nEnsamble: NazD\u00fao &#8211; Per\u00fa<\/p>\n<p>Pa\u00eds: M\u00e9xico<br \/>\nObra: Desde el lugar del misterio<br \/>\nPara: Cuarteto de percusiones<br \/>\nCompositor: Aur\u00e9s Kabir Moussong Garc\u00eda<br \/>\nSeud\u00f3nimo: Krini<br \/>\nEnsamble: Pulsat Percussion Group &#8211; Portugal<\/p>\n<p>Pa\u00eds: Paraguay<br \/>\nObra: J\u00ddI<br \/>\nPara: dos saxofones tenores<br \/>\nCompositor: Mateo Servi\u00e1n Sforza<br \/>\nSeud\u00f3nimo: William Turner<br \/>\nEnsamble: Auros D\u00fao &#8211; Chile<\/p>\n<p>Pa\u00eds: Portugal<br \/>\nObra: Cae mi voz<br \/>\nPara: flauta, clarinete y saxof\u00f3n bar\u00edtono<br \/>\nCompositor: Lu\u00eds Filipe Neto da Costa<br \/>\nSeud\u00f3nimo: Xavier Villaurrutia<br \/>\nEnsamble: Neighborwoods &#8211; M\u00e9xico<\/p>\n<p>Pa\u00eds: Uruguay<br \/>\nObra: A qu\u00e9 hora volver\u00e1n<br \/>\nPara: flauta y piano<br \/>\nCompositor: Vladimir Guicheff Bogacz<br \/>\nSeud\u00f3nimo: Mirlo<br \/>\nEnsamble: El D\u00fao &#8211; Argentina<\/p>\n","protected":false},"excerpt":{"rendered":"<p>Con el objetivo de fomentar la creaci\u00f3n de nuevas obras y a la vez posibilitar su estreno, Iberm\u00fasicas dise\u00f1\u00f3 este concurso en el cual fueron premiadas diez obras de diez artistas iberoamericanos. La premiaci\u00f3n incluye, adem\u00e1s del premio a la creaci\u00f3n, el estreno de las obras ganadoras por parte de ensambles o agrupaciones de pa\u00edses [&hellip;]<\/p>\n","protected":false},"author":1,"featured_media":11142,"comment_status":"closed","ping_status":"closed","sticky":false,"template":"","format":"standard","meta":{"footnotes":""},"categories":[53],"tags":[],"class_list":["post-11125","post","type-post","status-publish","format-standard","has-post-thumbnail","hentry","category-noticias-generales"],"lang":"es","translations":{"es":11125,"pt":11127},"pll_sync_post":[],"post_mailing_queue_ids":[],"_links":{"self":[{"href":"http:\/\/staging.ibermusicas.org\/index.php\/wp-json\/wp\/v2\/posts\/11125","targetHints":{"allow":["GET"]}}],"collection":[{"href":"http:\/\/staging.ibermusicas.org\/index.php\/wp-json\/wp\/v2\/posts"}],"about":[{"href":"http:\/\/staging.ibermusicas.org\/index.php\/wp-json\/wp\/v2\/types\/post"}],"author":[{"embeddable":true,"href":"http:\/\/staging.ibermusicas.org\/index.php\/wp-json\/wp\/v2\/users\/1"}],"replies":[{"embeddable":true,"href":"http:\/\/staging.ibermusicas.org\/index.php\/wp-json\/wp\/v2\/comments?post=11125"}],"version-history":[{"count":1,"href":"http:\/\/staging.ibermusicas.org\/index.php\/wp-json\/wp\/v2\/posts\/11125\/revisions"}],"predecessor-version":[{"id":11126,"href":"http:\/\/staging.ibermusicas.org\/index.php\/wp-json\/wp\/v2\/posts\/11125\/revisions\/11126"}],"wp:featuredmedia":[{"embeddable":true,"href":"http:\/\/staging.ibermusicas.org\/index.php\/wp-json\/wp\/v2\/media\/11142"}],"wp:attachment":[{"href":"http:\/\/staging.ibermusicas.org\/index.php\/wp-json\/wp\/v2\/media?parent=11125"}],"wp:term":[{"taxonomy":"category","embeddable":true,"href":"http:\/\/staging.ibermusicas.org\/index.php\/wp-json\/wp\/v2\/categories?post=11125"},{"taxonomy":"post_tag","embeddable":true,"href":"http:\/\/staging.ibermusicas.org\/index.php\/wp-json\/wp\/v2\/tags?post=11125"}],"curies":[{"name":"wp","href":"https:\/\/api.w.org\/{rel}","templated":true}]}}