{"id":11129,"date":"2021-12-15T11:27:47","date_gmt":"2021-12-15T11:27:47","guid":{"rendered":"http:\/\/staging.ibermusicas.org\/?p=11129"},"modified":"2022-02-07T17:48:21","modified_gmt":"2022-02-07T17:48:21","slug":"todas-y-todos-los-que-hacemos-ibermusicas-queremos-desearles-un-muy-feliz-2022-a-quienes-integran-nuestra-enorme-comunidad","status":"publish","type":"post","link":"http:\/\/staging.ibermusicas.org\/index.php\/todas-y-todos-los-que-hacemos-ibermusicas-queremos-desearles-un-muy-feliz-2022-a-quienes-integran-nuestra-enorme-comunidad\/","title":{"rendered":"Todas y todos los que hacemos Iberm\u00fasicas queremos desearles un muy feliz 2022 a quienes integran nuestra enorme comunidad"},"content":{"rendered":"<p>El 2021 tambi\u00e9n ha sido un a\u00f1o muy complejo para el mundo en general y para el sector art\u00edstico en particular. Nuevamente hemos tenido que enfrentarnos a enormes desaf\u00edos de los cuales nuestro Programa no ha estado exento. Otra vez, hicimos todo lo que estuvo a nuestro alcance para seguir brindando herramientas \u00fatiles al sector. Una vez m\u00e1s trabajamos codo a codo junto a nuestras beneficiarias y nuestros beneficiarios para llevar a buen puerto los proyectos presentados, tratando de ser siempre m\u00e1s creativos e innovadores a fin de adaptarnos a las situaciones imperantes.<\/p>\n<p>A pesar de la adversidad nuestra red sigui\u00f3 creciendo y fortaleci\u00e9ndose. Siempre desafi\u00e1ndonos, siempre tratando de ver m\u00e1s lejos y de estar m\u00e1s cerca.<\/p>\n<p>El 2022 ser\u00e1 el a\u00f1o en el que se cumplen diez a\u00f1os de vida de nuestro Programa. Un gran motivo para festejar, para ir por m\u00e1s y para seguir creando un hermoso porvenir. Desde Iberm\u00fasicas ya tenemos preparadas muchas y muy buenas novedades para el a\u00f1o que est\u00e1 llegando.<\/p>\n<p>Bienvenido a\u00f1o 2022.<br \/>\nSalud por los diez a\u00f1os de Iberm\u00fasicas.<br \/>\nFelicidades para todas y todos.<\/p>\n","protected":false},"excerpt":{"rendered":"<p>El 2021 tambi\u00e9n ha sido un a\u00f1o muy complejo para el mundo en general y para el sector art\u00edstico en particular. Nuevamente hemos tenido que enfrentarnos a enormes desaf\u00edos de los cuales nuestro Programa no ha estado exento. Otra vez, hicimos todo lo que estuvo a nuestro alcance para seguir brindando herramientas \u00fatiles al sector. [&hellip;]<\/p>\n","protected":false},"author":1,"featured_media":11145,"comment_status":"closed","ping_status":"closed","sticky":false,"template":"","format":"standard","meta":{"footnotes":""},"categories":[53],"tags":[],"class_list":["post-11129","post","type-post","status-publish","format-standard","has-post-thumbnail","hentry","category-noticias-generales"],"lang":"es","translations":{"es":11129,"pt":11131},"pll_sync_post":[],"post_mailing_queue_ids":[],"_links":{"self":[{"href":"http:\/\/staging.ibermusicas.org\/index.php\/wp-json\/wp\/v2\/posts\/11129","targetHints":{"allow":["GET"]}}],"collection":[{"href":"http:\/\/staging.ibermusicas.org\/index.php\/wp-json\/wp\/v2\/posts"}],"about":[{"href":"http:\/\/staging.ibermusicas.org\/index.php\/wp-json\/wp\/v2\/types\/post"}],"author":[{"embeddable":true,"href":"http:\/\/staging.ibermusicas.org\/index.php\/wp-json\/wp\/v2\/users\/1"}],"replies":[{"embeddable":true,"href":"http:\/\/staging.ibermusicas.org\/index.php\/wp-json\/wp\/v2\/comments?post=11129"}],"version-history":[{"count":1,"href":"http:\/\/staging.ibermusicas.org\/index.php\/wp-json\/wp\/v2\/posts\/11129\/revisions"}],"predecessor-version":[{"id":11130,"href":"http:\/\/staging.ibermusicas.org\/index.php\/wp-json\/wp\/v2\/posts\/11129\/revisions\/11130"}],"wp:featuredmedia":[{"embeddable":true,"href":"http:\/\/staging.ibermusicas.org\/index.php\/wp-json\/wp\/v2\/media\/11145"}],"wp:attachment":[{"href":"http:\/\/staging.ibermusicas.org\/index.php\/wp-json\/wp\/v2\/media?parent=11129"}],"wp:term":[{"taxonomy":"category","embeddable":true,"href":"http:\/\/staging.ibermusicas.org\/index.php\/wp-json\/wp\/v2\/categories?post=11129"},{"taxonomy":"post_tag","embeddable":true,"href":"http:\/\/staging.ibermusicas.org\/index.php\/wp-json\/wp\/v2\/tags?post=11129"}],"curies":[{"name":"wp","href":"https:\/\/api.w.org\/{rel}","templated":true}]}}