{"id":11210,"date":"2022-02-07T17:53:22","date_gmt":"2022-02-07T17:53:22","guid":{"rendered":"http:\/\/staging.ibermusicas.org\/?p=11210"},"modified":"2022-03-03T18:43:13","modified_gmt":"2022-03-03T18:43:13","slug":"desde-portugal-el-melanina-festival-abre-un-espacio-para-los-artistas-musicales-lusoparlantes-y-afrodescendientes","status":"publish","type":"post","link":"http:\/\/staging.ibermusicas.org\/index.php\/desde-portugal-el-melanina-festival-abre-un-espacio-para-los-artistas-musicales-lusoparlantes-y-afrodescendientes\/","title":{"rendered":"Desde Portugal, el Melanina Festival, abre un espacio para los artistas musicales lusoparlantes y afrodescendientes"},"content":{"rendered":"<p>El objetivo de la realizaci\u00f3n de este festival es que, a trav\u00e9s de la m\u00fasica, se establezca una acci\u00f3n contra el racismo al difundir expresiones de artistas afrodescendientes, generando visibilidad para quienes, en la mayor\u00eda de las veces, son desplazados sin tener oportunidad de mostrar sus producciones de una manera m\u00e1s amplia.<\/p>\n<p>Podr\u00e1n inscribirse para participar del festival artistas negros residentes en Portugal. Ser\u00e1n seleccionados 5 artistas. Cada uno de ellos, en formato solo o d\u00fao, presentar\u00e1 3 canciones originales, cantadas o instrumentales. Los interesados est\u00e1n invitados a enviar un video simple con las 3 canciones que quieran presentar junto a una breve biograf\u00eda. Los participantes que residan en ciudades fuera del Distrito de Oporto recibir\u00e1n una ayuda adicional para traslados. Todos los seleccionados para el festival recibir\u00e1n un cachet por su participaci\u00f3n.<\/p>\n<p>Transmisi\u00f3n del Festival: 24 de febrero, 22:00 hs. (Portugal) en\u00a0<a href=\"https:\/\/lt.mydplr.com\/ac3b21bae6627f1bb0551770b8ecc1fc-81868bec073b3970fa62af291f12b42d\" target=\"_blank\" rel=\"noopener\" data-saferedirecturl=\"https:\/\/www.google.com\/url?q=https:\/\/lt.mydplr.com\/ac3b21bae6627f1bb0551770b8ecc1fc-81868bec073b3970fa62af291f12b42d&amp;source=gmail&amp;ust=1644342677158000&amp;usg=AOvVaw2HmVAZ3WlRTltC0iqgo-SX\">youtube.com<\/a><\/p>\n","protected":false},"excerpt":{"rendered":"<p>El objetivo de la realizaci\u00f3n de este festival es que, a trav\u00e9s de la m\u00fasica, se establezca una acci\u00f3n contra el racismo al difundir expresiones de artistas afrodescendientes, generando visibilidad para quienes, en la mayor\u00eda de las veces, son desplazados sin tener oportunidad de mostrar sus producciones de una manera m\u00e1s amplia. Podr\u00e1n inscribirse para [&hellip;]<\/p>\n","protected":false},"author":1,"featured_media":11211,"comment_status":"closed","ping_status":"closed","sticky":false,"template":"","format":"standard","meta":{"footnotes":""},"categories":[53],"tags":[],"class_list":["post-11210","post","type-post","status-publish","format-standard","has-post-thumbnail","hentry","category-noticias-generales"],"lang":"es","translations":{"es":11210,"pt":11214},"pll_sync_post":[],"post_mailing_queue_ids":[],"_links":{"self":[{"href":"http:\/\/staging.ibermusicas.org\/index.php\/wp-json\/wp\/v2\/posts\/11210","targetHints":{"allow":["GET"]}}],"collection":[{"href":"http:\/\/staging.ibermusicas.org\/index.php\/wp-json\/wp\/v2\/posts"}],"about":[{"href":"http:\/\/staging.ibermusicas.org\/index.php\/wp-json\/wp\/v2\/types\/post"}],"author":[{"embeddable":true,"href":"http:\/\/staging.ibermusicas.org\/index.php\/wp-json\/wp\/v2\/users\/1"}],"replies":[{"embeddable":true,"href":"http:\/\/staging.ibermusicas.org\/index.php\/wp-json\/wp\/v2\/comments?post=11210"}],"version-history":[{"count":2,"href":"http:\/\/staging.ibermusicas.org\/index.php\/wp-json\/wp\/v2\/posts\/11210\/revisions"}],"predecessor-version":[{"id":11213,"href":"http:\/\/staging.ibermusicas.org\/index.php\/wp-json\/wp\/v2\/posts\/11210\/revisions\/11213"}],"wp:featuredmedia":[{"embeddable":true,"href":"http:\/\/staging.ibermusicas.org\/index.php\/wp-json\/wp\/v2\/media\/11211"}],"wp:attachment":[{"href":"http:\/\/staging.ibermusicas.org\/index.php\/wp-json\/wp\/v2\/media?parent=11210"}],"wp:term":[{"taxonomy":"category","embeddable":true,"href":"http:\/\/staging.ibermusicas.org\/index.php\/wp-json\/wp\/v2\/categories?post=11210"},{"taxonomy":"post_tag","embeddable":true,"href":"http:\/\/staging.ibermusicas.org\/index.php\/wp-json\/wp\/v2\/tags?post=11210"}],"curies":[{"name":"wp","href":"https:\/\/api.w.org\/{rel}","templated":true}]}}