{"id":11214,"date":"2022-02-07T17:54:57","date_gmt":"2022-02-07T17:54:57","guid":{"rendered":"http:\/\/staging.ibermusicas.org\/?p=11214"},"modified":"2022-03-03T19:08:56","modified_gmt":"2022-03-03T19:08:56","slug":"de-portugal-o-melanina-festival-abre-um-espaco-para-artistas-musicais-lusofalantes-e-afrodescendentes","status":"publish","type":"post","link":"http:\/\/staging.ibermusicas.org\/index.php\/de-portugal-o-melanina-festival-abre-um-espaco-para-artistas-musicais-lusofalantes-e-afrodescendentes\/","title":{"rendered":"De Portugal, o Melanina Festival, abre um espa\u00e7o para artistas musicais lusofalantes e afrodescendentes"},"content":{"rendered":"<p>O intuito da realiza\u00e7\u00e3o deste festival \u00e9 que, atrav\u00e9s da m\u00fasica, ele possa ser mais uma pe\u00e7a de a\u00e7\u00e3o contra o racismo ao propagar arte de artistas afrodescendentes, gerando visibilidade para pr\u00e1ticas art\u00edsticas feitas por artistas que, na maioria das vezes, s\u00e3o subjugados e n\u00e3o t\u00eam oportunidade de mostrar suas produ\u00e7\u00f5es de forma mais abrangente.<\/p>\n<p>Poder\u00e3o se inscrever para participar do festival artistas negros residentes em Portugal. Ser\u00e3o selecionados 5 artistas. Cada um deles, em formato solo ou de duo, apresentar\u00e3o 3 m\u00fasicas exclusivamente originais, cantadas ou somente instrumentais. Os interessados ser\u00e3o instru\u00eddos a enviar um v\u00eddeo simples com as 3 m\u00fasicas que pretendem apresentar, al\u00e9m de uma breve biografia. Os participantes que residam em cidades fora do Distrito do Porto receber\u00e3o uma ajuda de custo. Todos os selecionados para o festival receber\u00e3o um cach\u00ea de participa\u00e7\u00e3o.<\/p>\n<p>Transmiss\u00e3o do Festival: 24 de fevereiro, 22:00 hs. (Portugal) em\u00a0<a href=\"https:\/\/lt.mydplr.com\/ac3b21bae6627f1bb0551770b8ecc1fc-81868bec073b3970fa62af291f12b42d\" target=\"_blank\" rel=\"noopener\" data-saferedirecturl=\"https:\/\/www.google.com\/url?q=https:\/\/lt.mydplr.com\/ac3b21bae6627f1bb0551770b8ecc1fc-81868bec073b3970fa62af291f12b42d&amp;source=gmail&amp;ust=1644342677158000&amp;usg=AOvVaw2HmVAZ3WlRTltC0iqgo-SX\">youtube.com<\/a><\/p>\n","protected":false},"excerpt":{"rendered":"<p>O intuito da realiza\u00e7\u00e3o deste festival \u00e9 que, atrav\u00e9s da m\u00fasica, ele possa ser mais uma pe\u00e7a de a\u00e7\u00e3o contra o racismo ao propagar arte de artistas afrodescendentes, gerando visibilidade para pr\u00e1ticas art\u00edsticas feitas por artistas que, na maioria das vezes, s\u00e3o subjugados e n\u00e3o t\u00eam oportunidade de mostrar suas produ\u00e7\u00f5es de forma mais abrangente. [&hellip;]<\/p>\n","protected":false},"author":1,"featured_media":11211,"comment_status":"closed","ping_status":"closed","sticky":false,"template":"","format":"standard","meta":{"footnotes":""},"categories":[218],"tags":[],"class_list":["post-11214","post","type-post","status-publish","format-standard","has-post-thumbnail","hentry","category-noticias-generales-pt"],"lang":"pt","translations":{"pt":11214,"es":11210},"pll_sync_post":[],"post_mailing_queue_ids":[],"_links":{"self":[{"href":"http:\/\/staging.ibermusicas.org\/index.php\/wp-json\/wp\/v2\/posts\/11214","targetHints":{"allow":["GET"]}}],"collection":[{"href":"http:\/\/staging.ibermusicas.org\/index.php\/wp-json\/wp\/v2\/posts"}],"about":[{"href":"http:\/\/staging.ibermusicas.org\/index.php\/wp-json\/wp\/v2\/types\/post"}],"author":[{"embeddable":true,"href":"http:\/\/staging.ibermusicas.org\/index.php\/wp-json\/wp\/v2\/users\/1"}],"replies":[{"embeddable":true,"href":"http:\/\/staging.ibermusicas.org\/index.php\/wp-json\/wp\/v2\/comments?post=11214"}],"version-history":[{"count":1,"href":"http:\/\/staging.ibermusicas.org\/index.php\/wp-json\/wp\/v2\/posts\/11214\/revisions"}],"predecessor-version":[{"id":11215,"href":"http:\/\/staging.ibermusicas.org\/index.php\/wp-json\/wp\/v2\/posts\/11214\/revisions\/11215"}],"wp:featuredmedia":[{"embeddable":true,"href":"http:\/\/staging.ibermusicas.org\/index.php\/wp-json\/wp\/v2\/media\/11211"}],"wp:attachment":[{"href":"http:\/\/staging.ibermusicas.org\/index.php\/wp-json\/wp\/v2\/media?parent=11214"}],"wp:term":[{"taxonomy":"category","embeddable":true,"href":"http:\/\/staging.ibermusicas.org\/index.php\/wp-json\/wp\/v2\/categories?post=11214"},{"taxonomy":"post_tag","embeddable":true,"href":"http:\/\/staging.ibermusicas.org\/index.php\/wp-json\/wp\/v2\/tags?post=11214"}],"curies":[{"name":"wp","href":"https:\/\/api.w.org\/{rel}","templated":true}]}}