{"id":11216,"date":"2022-02-07T17:57:05","date_gmt":"2022-02-07T17:57:05","guid":{"rendered":"http:\/\/staging.ibermusicas.org\/?p=11216"},"modified":"2022-03-03T18:43:07","modified_gmt":"2022-03-03T18:43:07","slug":"desde-su-casa-en-portugal-la-artista-erika-machado-presenta-su-proyecto-como-e-que-faz-como-lo-haces","status":"publish","type":"post","link":"http:\/\/staging.ibermusicas.org\/index.php\/desde-su-casa-en-portugal-la-artista-erika-machado-presenta-su-proyecto-como-e-que-faz-como-lo-haces\/","title":{"rendered":"Desde su casa en Portugal, la artista E\u0301rika Machado presenta su proyecto Como \u00e9 que faz? (\u00bfC\u00f3mo lo haces?)"},"content":{"rendered":"<p>La propuesta de \u00c9rika es la creaci\u00f3n y la grabaci\u00f3n de un EP con tres canciones, la realizaci\u00f3n de un disco on line y la realizaci\u00f3n de un concierto virtual de lanzamiento del EP. El proceso de creaci\u00f3n ser\u00e1 expuesto a trav\u00e9s de las redes sociales, desde los aspectos creativos hasta los burocr\u00e1ticos que el trabajo implica, desde la creaci\u00f3n hasta su finalizaci\u00f3n.<\/p>\n<p>\u00c9rika Machado naci\u00f3 en Belo Horizonte y vive en Lisboa. Es doctorando en Arte Contempor\u00e1neo por el Colegio Cole\u0301gio das Artes de la Universidade de Coimbra, hace uso de diversos lenguajes art\u00edsticos en la construcci\u00f3n de su trabajo, el cual presenta en diversos formatos. Como cantante, instrumentista, compositora y productora, edit\u00f3 cuatro \u00e1lbumes solistas y recibi\u00f3 los premios Artistas Revelaci\u00f3n por la Asociaci\u00f3n Paulista de Cr\u00edticos de Artes, premio al mejor CD por Radio Cultura de San Pablo y fue parte del mapeo realizado por el Programa Rumbos del Instituto Ita\u00fa Cultural. Como artista visual ha realizado diversas exposiciones individuales y colectivas.<\/p>\n<p>Domingo 20 de febrero, primera transmisi\u00f3n en vivo en: @erika_machado<\/p>\n","protected":false},"excerpt":{"rendered":"<p>La propuesta de \u00c9rika es la creaci\u00f3n y la grabaci\u00f3n de un EP con tres canciones, la realizaci\u00f3n de un disco on line y la realizaci\u00f3n de un concierto virtual de lanzamiento del EP. El proceso de creaci\u00f3n ser\u00e1 expuesto a trav\u00e9s de las redes sociales, desde los aspectos creativos hasta los burocr\u00e1ticos que el [&hellip;]<\/p>\n","protected":false},"author":1,"featured_media":11218,"comment_status":"closed","ping_status":"closed","sticky":false,"template":"","format":"standard","meta":{"footnotes":""},"categories":[53],"tags":[],"class_list":["post-11216","post","type-post","status-publish","format-standard","has-post-thumbnail","hentry","category-noticias-generales"],"lang":"es","translations":{"es":11216,"pt":11220},"pll_sync_post":[],"post_mailing_queue_ids":[],"_links":{"self":[{"href":"http:\/\/staging.ibermusicas.org\/index.php\/wp-json\/wp\/v2\/posts\/11216","targetHints":{"allow":["GET"]}}],"collection":[{"href":"http:\/\/staging.ibermusicas.org\/index.php\/wp-json\/wp\/v2\/posts"}],"about":[{"href":"http:\/\/staging.ibermusicas.org\/index.php\/wp-json\/wp\/v2\/types\/post"}],"author":[{"embeddable":true,"href":"http:\/\/staging.ibermusicas.org\/index.php\/wp-json\/wp\/v2\/users\/1"}],"replies":[{"embeddable":true,"href":"http:\/\/staging.ibermusicas.org\/index.php\/wp-json\/wp\/v2\/comments?post=11216"}],"version-history":[{"count":1,"href":"http:\/\/staging.ibermusicas.org\/index.php\/wp-json\/wp\/v2\/posts\/11216\/revisions"}],"predecessor-version":[{"id":11219,"href":"http:\/\/staging.ibermusicas.org\/index.php\/wp-json\/wp\/v2\/posts\/11216\/revisions\/11219"}],"wp:featuredmedia":[{"embeddable":true,"href":"http:\/\/staging.ibermusicas.org\/index.php\/wp-json\/wp\/v2\/media\/11218"}],"wp:attachment":[{"href":"http:\/\/staging.ibermusicas.org\/index.php\/wp-json\/wp\/v2\/media?parent=11216"}],"wp:term":[{"taxonomy":"category","embeddable":true,"href":"http:\/\/staging.ibermusicas.org\/index.php\/wp-json\/wp\/v2\/categories?post=11216"},{"taxonomy":"post_tag","embeddable":true,"href":"http:\/\/staging.ibermusicas.org\/index.php\/wp-json\/wp\/v2\/tags?post=11216"}],"curies":[{"name":"wp","href":"https:\/\/api.w.org\/{rel}","templated":true}]}}