{"id":11227,"date":"2022-02-07T18:02:12","date_gmt":"2022-02-07T18:02:12","guid":{"rendered":"http:\/\/staging.ibermusicas.org\/?p=11227"},"modified":"2022-04-13T17:55:26","modified_gmt":"2022-04-13T17:55:26","slug":"el-coro-nacional-de-cuba-realizo-el-estreno-de-martianas-la-obra-de-la-compositora-beatriz-corona-ganadora-del-iii-concurso-de-composicion-coral-ibermusicas-2021","status":"publish","type":"post","link":"http:\/\/staging.ibermusicas.org\/index.php\/el-coro-nacional-de-cuba-realizo-el-estreno-de-martianas-la-obra-de-la-compositora-beatriz-corona-ganadora-del-iii-concurso-de-composicion-coral-ibermusicas-2021\/","title":{"rendered":"El Coro Nacional de Cuba realiz\u00f3 el estreno de Martianas, la obra de la compositora Beatriz Corona, ganadora del III Concurso de Composici\u00f3n Coral Iberm\u00fasicas 2020"},"content":{"rendered":"<p>El 29 de enero en el Sal\u00f3n de los Espejos del Museo de la Revoluci\u00f3n, el Coro Nacional de Cuba, dirigido por la maestra Digna Guerra realiz\u00f3 el estreno de \u00abMartianas\u00bb, obra compuesta por la compositora cubana Beatriz Corona que fuera ganadora del III Concurso Composici\u00f3n Coral Iberm\u00fasicas 2021. La obra se compone de cinco piezas para coro mixto sobre textos de Jos\u00e9 Mart\u00ed, compuestas a partir de elementos r\u00edtmicos de m\u00fasica cubana como la habanera, la guajira, el son y el danz\u00f3n.<\/p>\n<p>La compositora cubana Beatriz Corona Rodr\u00edguez se convirti\u00f3 en la primera mujer en conquistar el Premio Iberm\u00fasicas de Composici\u00f3n. En este caso, entre 156 presentadas a concurso. La maestra Digna Guerra, de Cuba; junto a los maestros Rodrigo Cadet, de M\u00e9xico, y Esteban Louise, de Uruguay, integraron el jurado que en fallo un\u00e1nime dio por ganadora a \u00abMartianas\u00bb.<\/p>\n<p>Beatriz Corona no recuerda el momento preciso en el que decidi\u00f3 que se dedicar\u00eda a la m\u00fasica; pero influy\u00f3 en ella el haber crecido en un ambiente musical, donde su padre tocaba muy bien la guitarra y cantaba temas tradicionales cubanos, y su madre, quien la llevase a hacer las pruebas de aptitud para entrar en el conservatorio Alejandro Garc\u00eda Caturla, tambi\u00e9n hab\u00eda estudiado canto l\u00edrico, ambos como aficionados. Luego, cursando el nivel medio, Beatriz Corona se cambia de la especialidad de piano a la de direcci\u00f3n coral, donde comienza a escribir sus primeras composiciones, \u00abdada la escasez de repertorio para impartir clases en las m\u00e1s tempranas generaciones\u00bb. Durante todos estos a\u00f1os de entrega profesional, para esta directora coral y productora, lejos de ser un sacrificio, equilibrar la maternidad con la m\u00fasica \u00abes un placer. Se trata de llevar las dos cosas a la par, reubicar el tiempo para que ambas cosas funcionen: dedicar atenci\u00f3n a cada una. Las he disfrutado much\u00edsimo, creo que me ha ido bien. Mis hijos y mi m\u00fasica son mi esencia\u00bb. En la composici\u00f3n resalta el h\u00e1bil manejo de patrones propios de g\u00e9neros tradicionales como la guajira y el son en perfecta sinergia con las exigencias del trabajo coral. Caracter\u00edsticas que prevalecen en el cat\u00e1logo de esta compositora cuyos primeros pasos fueron guiados por los maestros Harold Gramatges y Alfredo Diez Nieto y que ha logrado un merecido reconocimiento por su valiosa contribuci\u00f3n a la m\u00fasica cubana.<\/p>\n<p>La m\u00fasica de Beatriz Corona nutre el repertorio coral de escuelas de m\u00fasica y de reconocidas agrupaciones corales como Exaudi, el Coro Nacional de Cuba y la Schola Cantorum Coralina. Su vasta producci\u00f3n musical incluye m\u00e1s de trescientas partituras de m\u00fasica coral, sinf\u00f3nica y de c\u00e1mara, en las que predomina su inter\u00e9s en la voz humana como medio sonoro insuperable. Buena parte de este trabajo autoral y su labor como orquestadora se encuentra recogido en varios discos, entre los que destacan Llueve cada domingo (1987), Aire nocturno (2002), Trova de C\u00e1mara (2009), El sitio del coraz\u00f3n (2009) y Pianos (2009).<\/p>\n<p>El premio de Iberm\u00fasicas se suma a otros reconocimientos que ha recibido como la Distinci\u00f3n por la Cultura Nacional (2002), Premios de Composici\u00f3n Uneac (1986, 1987, 1988 y 1989), Premio de Composici\u00f3n Festival de Habaneras de Torrevieja (Espa\u00f1a, 2002) y Premio M\u00fasica Coral CUBADISCO 2002.<\/p>\n","protected":false},"excerpt":{"rendered":"<p>El 29 de enero en el Sal\u00f3n de los Espejos del Museo de la Revoluci\u00f3n, el Coro Nacional de Cuba, dirigido por la maestra Digna Guerra realiz\u00f3 el estreno de \u00abMartianas\u00bb, obra compuesta por la compositora cubana Beatriz Corona que fuera ganadora del III Concurso Composici\u00f3n Coral Iberm\u00fasicas 2021. La obra se compone de cinco [&hellip;]<\/p>\n","protected":false},"author":1,"featured_media":11228,"comment_status":"closed","ping_status":"closed","sticky":false,"template":"","format":"standard","meta":{"footnotes":""},"categories":[53],"tags":[],"class_list":["post-11227","post","type-post","status-publish","format-standard","has-post-thumbnail","hentry","category-noticias-generales"],"lang":"es","translations":{"es":11227,"pt":11230},"pll_sync_post":[],"post_mailing_queue_ids":[],"_links":{"self":[{"href":"http:\/\/staging.ibermusicas.org\/index.php\/wp-json\/wp\/v2\/posts\/11227","targetHints":{"allow":["GET"]}}],"collection":[{"href":"http:\/\/staging.ibermusicas.org\/index.php\/wp-json\/wp\/v2\/posts"}],"about":[{"href":"http:\/\/staging.ibermusicas.org\/index.php\/wp-json\/wp\/v2\/types\/post"}],"author":[{"embeddable":true,"href":"http:\/\/staging.ibermusicas.org\/index.php\/wp-json\/wp\/v2\/users\/1"}],"replies":[{"embeddable":true,"href":"http:\/\/staging.ibermusicas.org\/index.php\/wp-json\/wp\/v2\/comments?post=11227"}],"version-history":[{"count":2,"href":"http:\/\/staging.ibermusicas.org\/index.php\/wp-json\/wp\/v2\/posts\/11227\/revisions"}],"predecessor-version":[{"id":11578,"href":"http:\/\/staging.ibermusicas.org\/index.php\/wp-json\/wp\/v2\/posts\/11227\/revisions\/11578"}],"wp:featuredmedia":[{"embeddable":true,"href":"http:\/\/staging.ibermusicas.org\/index.php\/wp-json\/wp\/v2\/media\/11228"}],"wp:attachment":[{"href":"http:\/\/staging.ibermusicas.org\/index.php\/wp-json\/wp\/v2\/media?parent=11227"}],"wp:term":[{"taxonomy":"category","embeddable":true,"href":"http:\/\/staging.ibermusicas.org\/index.php\/wp-json\/wp\/v2\/categories?post=11227"},{"taxonomy":"post_tag","embeddable":true,"href":"http:\/\/staging.ibermusicas.org\/index.php\/wp-json\/wp\/v2\/tags?post=11227"}],"curies":[{"name":"wp","href":"https:\/\/api.w.org\/{rel}","templated":true}]}}