{"id":11235,"date":"2022-02-07T18:06:30","date_gmt":"2022-02-07T18:06:30","guid":{"rendered":"http:\/\/staging.ibermusicas.org\/?p=11235"},"modified":"2022-03-03T19:08:13","modified_gmt":"2022-03-03T19:08:13","slug":"o-xxii-festival-internacional-de-guitarra-sinaloa-mexico-oferece-seu-diploma-internacional-de-guitarra-online","status":"publish","type":"post","link":"http:\/\/staging.ibermusicas.org\/index.php\/o-xxii-festival-internacional-de-guitarra-sinaloa-mexico-oferece-seu-diploma-internacional-de-guitarra-online\/","title":{"rendered":"O XXII Festival Internacional de Guitarra Sinaloa, M\u00e9xico, oferece seu Diploma Internacional de Guitarra Online"},"content":{"rendered":"<p>Trata-se de um diploma de aperfei\u00e7oamento guitarr\u00edstico que se realiza dentro das atividades do XXII Festival Internacional de Guitarra de Sinaloa. O diploma ser\u00e1 realizado online e presencialmente.<\/p>\n<p>Dentro do diplomado ser\u00e3o apresentados concertos online da guitarrista Cubana Ariadna Cuellar como solista, bem como do Duo Concuerda, de Cuba tamb\u00e9m, formado por Ariadna Cuellar e Michel Rodr\u00edguez. O evento inclui aulas e cursos do guitarrista uruguaio Eduardo Fern\u00e1ndez, que \u00e9 uma das refer\u00eancias mundiais do instrumento, da guitarrista espanhola Anabel Montesinos, bem como de Hopkinson Smith, guitarrista americano \u00edcone da Guitarra Barroca e do Ala\u00fade Renascentista. O jovem mexicano Manuel L\u00f3pez Medrano participa com uma oficina sobre o m\u00e9todo Feldenkrais.<\/p>\n<p>De 28 de Fevereiro a 11 de Mar\u00e7o em\u00a0<a href=\"https:\/\/lt.mydplr.com\/71d0925ca57954cf99b2c7010e8c2082-81868bec073b3970fa62af291f12b42d\" target=\"_blank\" rel=\"noopener\" data-saferedirecturl=\"https:\/\/www.google.com\/url?q=https:\/\/lt.mydplr.com\/71d0925ca57954cf99b2c7010e8c2082-81868bec073b3970fa62af291f12b42d&amp;source=gmail&amp;ust=1644342677159000&amp;usg=AOvVaw37RhdhEq300j6VOWKmAYTf\">youtube.com<\/a><\/p>\n","protected":false},"excerpt":{"rendered":"<p>Trata-se de um diploma de aperfei\u00e7oamento guitarr\u00edstico que se realiza dentro das atividades do XXII Festival Internacional de Guitarra de Sinaloa. O diploma ser\u00e1 realizado online e presencialmente. Dentro do diplomado ser\u00e3o apresentados concertos online da guitarrista Cubana Ariadna Cuellar como solista, bem como do Duo Concuerda, de Cuba tamb\u00e9m, formado por Ariadna Cuellar e [&hellip;]<\/p>\n","protected":false},"author":1,"featured_media":11233,"comment_status":"closed","ping_status":"closed","sticky":false,"template":"","format":"standard","meta":{"footnotes":""},"categories":[218],"tags":[],"class_list":["post-11235","post","type-post","status-publish","format-standard","has-post-thumbnail","hentry","category-noticias-generales-pt"],"lang":"pt","translations":{"pt":11235,"es":11232},"pll_sync_post":[],"post_mailing_queue_ids":[],"_links":{"self":[{"href":"http:\/\/staging.ibermusicas.org\/index.php\/wp-json\/wp\/v2\/posts\/11235","targetHints":{"allow":["GET"]}}],"collection":[{"href":"http:\/\/staging.ibermusicas.org\/index.php\/wp-json\/wp\/v2\/posts"}],"about":[{"href":"http:\/\/staging.ibermusicas.org\/index.php\/wp-json\/wp\/v2\/types\/post"}],"author":[{"embeddable":true,"href":"http:\/\/staging.ibermusicas.org\/index.php\/wp-json\/wp\/v2\/users\/1"}],"replies":[{"embeddable":true,"href":"http:\/\/staging.ibermusicas.org\/index.php\/wp-json\/wp\/v2\/comments?post=11235"}],"version-history":[{"count":1,"href":"http:\/\/staging.ibermusicas.org\/index.php\/wp-json\/wp\/v2\/posts\/11235\/revisions"}],"predecessor-version":[{"id":11236,"href":"http:\/\/staging.ibermusicas.org\/index.php\/wp-json\/wp\/v2\/posts\/11235\/revisions\/11236"}],"wp:featuredmedia":[{"embeddable":true,"href":"http:\/\/staging.ibermusicas.org\/index.php\/wp-json\/wp\/v2\/media\/11233"}],"wp:attachment":[{"href":"http:\/\/staging.ibermusicas.org\/index.php\/wp-json\/wp\/v2\/media?parent=11235"}],"wp:term":[{"taxonomy":"category","embeddable":true,"href":"http:\/\/staging.ibermusicas.org\/index.php\/wp-json\/wp\/v2\/categories?post=11235"},{"taxonomy":"post_tag","embeddable":true,"href":"http:\/\/staging.ibermusicas.org\/index.php\/wp-json\/wp\/v2\/tags?post=11235"}],"curies":[{"name":"wp","href":"https:\/\/api.w.org\/{rel}","templated":true}]}}