{"id":11237,"date":"2022-02-07T18:09:39","date_gmt":"2022-02-07T18:09:39","guid":{"rendered":"http:\/\/staging.ibermusicas.org\/?p=11237"},"modified":"2022-03-03T18:42:14","modified_gmt":"2022-03-03T18:42:14","slug":"el-musico-docente-y-compositor-argentino-sebastian-echarry-inicia-una-gira-por-colombia-junto-a-la-cantante-laura-isabel-montoya-chacarera-roja","status":"publish","type":"post","link":"http:\/\/staging.ibermusicas.org\/index.php\/el-musico-docente-y-compositor-argentino-sebastian-echarry-inicia-una-gira-por-colombia-junto-a-la-cantante-laura-isabel-montoya-chacarera-roja\/","title":{"rendered":"El m\u00fasico, docente y compositor argentino, Sebasti\u00e1n Echarry, inicia una gira por Colombia junto a la cantante Laura Isabel Montoya &#8211; Chacarera Roja"},"content":{"rendered":"<p>El proyecto \u00abDos miradas de un continente\u00bb propone un recorrido por canciones que emprenden una b\u00fasqueda identitaria de Nuestra Am\u00e9rica y sus ra\u00edces folkl\u00f3ricas como expresi\u00f3n de los pueblos que la habitan.<\/p>\n<p>Los primeros recitales ser\u00e1n de m\u00fasica y poes\u00eda con un di\u00e1logo entre autores colombianos y argentinos, entre m\u00fasicas y relatos.<\/p>\n<p>Por otra parte, Echarry brindar\u00e1 cuatro talleres formativos en tierras colombianas, entre los cuales est\u00e1n las capacitaciones sobre acompa\u00f1amiento en zamba y chacarera para guitarristas en la Academia Enarte y M\u00fasica y en La Chispa Casa Cultural, como as\u00ed tambi\u00e9n los talleres en la c\u00e1tedra Etnom\u00fasica de la Universidad de Antioquia y en el municipio de Sabaneta. Todas las actividades se desarrollan con la coordinaci\u00f3n de los festivales Sur Realismos y Sonamos Latinoam\u00e9rica sede Antioquia.<\/p>\n<p>Conciertos en Medell\u00edn:<br \/>\nViernes 25 de febrero Casa de la lectura (Comfedalco)<br \/>\nS\u00e1bado 26 de febrero Biblioteca Castilla (Comfedalco)<br \/>\nViernes 4 de marzo Museo Casa de la Memoria.<br \/>\nS\u00e1bado 5 de marzo \u201cEn Sur Gentes\u201d Teatro Ateneo Porfirio Barba Jacob<\/p>\n<p>Talleres formativos musicales:<br \/>\nAcademia Enarte y m\u00fasica<br \/>\nC\u00e1tedra Etnom\u00fasica de la Universidad de Antioquia<br \/>\nFestival Sur Realismos (Sabaneta)<br \/>\nLa Chispa casa cultural<\/p>\n","protected":false},"excerpt":{"rendered":"<p>El proyecto \u00abDos miradas de un continente\u00bb propone un recorrido por canciones que emprenden una b\u00fasqueda identitaria de Nuestra Am\u00e9rica y sus ra\u00edces folkl\u00f3ricas como expresi\u00f3n de los pueblos que la habitan. Los primeros recitales ser\u00e1n de m\u00fasica y poes\u00eda con un di\u00e1logo entre autores colombianos y argentinos, entre m\u00fasicas y relatos. Por otra parte, [&hellip;]<\/p>\n","protected":false},"author":1,"featured_media":11239,"comment_status":"closed","ping_status":"closed","sticky":false,"template":"","format":"standard","meta":{"footnotes":""},"categories":[53],"tags":[],"class_list":["post-11237","post","type-post","status-publish","format-standard","has-post-thumbnail","hentry","category-noticias-generales"],"lang":"es","translations":{"es":11237,"pt":11241},"pll_sync_post":[],"post_mailing_queue_ids":[],"_links":{"self":[{"href":"http:\/\/staging.ibermusicas.org\/index.php\/wp-json\/wp\/v2\/posts\/11237","targetHints":{"allow":["GET"]}}],"collection":[{"href":"http:\/\/staging.ibermusicas.org\/index.php\/wp-json\/wp\/v2\/posts"}],"about":[{"href":"http:\/\/staging.ibermusicas.org\/index.php\/wp-json\/wp\/v2\/types\/post"}],"author":[{"embeddable":true,"href":"http:\/\/staging.ibermusicas.org\/index.php\/wp-json\/wp\/v2\/users\/1"}],"replies":[{"embeddable":true,"href":"http:\/\/staging.ibermusicas.org\/index.php\/wp-json\/wp\/v2\/comments?post=11237"}],"version-history":[{"count":1,"href":"http:\/\/staging.ibermusicas.org\/index.php\/wp-json\/wp\/v2\/posts\/11237\/revisions"}],"predecessor-version":[{"id":11240,"href":"http:\/\/staging.ibermusicas.org\/index.php\/wp-json\/wp\/v2\/posts\/11237\/revisions\/11240"}],"wp:featuredmedia":[{"embeddable":true,"href":"http:\/\/staging.ibermusicas.org\/index.php\/wp-json\/wp\/v2\/media\/11239"}],"wp:attachment":[{"href":"http:\/\/staging.ibermusicas.org\/index.php\/wp-json\/wp\/v2\/media?parent=11237"}],"wp:term":[{"taxonomy":"category","embeddable":true,"href":"http:\/\/staging.ibermusicas.org\/index.php\/wp-json\/wp\/v2\/categories?post=11237"},{"taxonomy":"post_tag","embeddable":true,"href":"http:\/\/staging.ibermusicas.org\/index.php\/wp-json\/wp\/v2\/tags?post=11237"}],"curies":[{"name":"wp","href":"https:\/\/api.w.org\/{rel}","templated":true}]}}