{"id":11241,"date":"2022-02-07T18:11:03","date_gmt":"2022-02-07T18:11:03","guid":{"rendered":"http:\/\/staging.ibermusicas.org\/?p=11241"},"modified":"2022-03-03T19:08:07","modified_gmt":"2022-03-03T19:08:07","slug":"o-musico-docente-e-compositor-argentino-sebastian-echarry-inicia-uma-turne-pela-colombia-com-a-cantora-laura-isabel-montoya-chacarera-roja","status":"publish","type":"post","link":"http:\/\/staging.ibermusicas.org\/index.php\/o-musico-docente-e-compositor-argentino-sebastian-echarry-inicia-uma-turne-pela-colombia-com-a-cantora-laura-isabel-montoya-chacarera-roja\/","title":{"rendered":"O m\u00fasico, docente e compositor argentino, Sebasti\u00e1n Echarry, inicia uma turn\u00ea pela Col\u00f4mbia com a cantora Laura Isabel Montoya &#8211; Chacarera Roja"},"content":{"rendered":"<p>O projeto \u00abDois olhares de um continente\u00bb prop\u00f5e um percurso por can\u00e7\u00f5es que empreendem uma busca identit\u00e1ria de Nossa Am\u00e9rica e suas ra\u00edzes folcl\u00f3ricas como express\u00e3o dos povos que a habitam.<\/p>\n<p>Os primeiros recitais ser\u00e3o de m\u00fasica e poesia com um di\u00e1logo entre autores colombianos e argentinos, entre m\u00fasicas e relatos.<\/p>\n<p>Por outro lado, Echarry oferecer\u00e1 quatro oficinas de forma\u00e7\u00e3o em terras colombianas, entre as quais est\u00e3o as capacita\u00e7\u00f5es sobre acompanhamento em zamba e chacarera para guitarristas na Academia Enarte e M\u00fasica e em La Chispa Casa Cultural, como tamb\u00e9m as oficinas na c\u00e1tedra Etnom\u00fasica da Universidade de Antioquia e no munic\u00edpio de Sabaneta. Todas as atividades se desenvolvem com a coordena\u00e7\u00e3o dos festivais Sul Realismos e Sonamos Am\u00e9rica Latina sede Antioquia.<\/p>\n<p>Concertos em Medell\u00edn:<br \/>\nSexta-feira, 25 de fevereiro Casa da leitura (Comfedalco)<br \/>\nS\u00e1bado, 26 de fevereiro Biblioteca Castilla (Comfedalco)<br \/>\nSexta-feira 4 de mar\u00e7o Museu Casa da Mem\u00f3ria.<br \/>\nS\u00e1bado 5 de Mar\u00e7o \u00abEn Sur Gentes\u00bb Teatro Ateneo Porfirio Barba Jacob<\/p>\n<p>Oficinas formativas musicais:<br \/>\nAcademia Enarte e m\u00fasica<br \/>\nC\u00e1tedra Etnom\u00fasica da Universidade de Antioquia<br \/>\nFestival Sul Realismos (Sabaneta)<br \/>\nLa Chispa casa cultural<\/p>\n","protected":false},"excerpt":{"rendered":"<p>O projeto \u00abDois olhares de um continente\u00bb prop\u00f5e um percurso por can\u00e7\u00f5es que empreendem uma busca identit\u00e1ria de Nossa Am\u00e9rica e suas ra\u00edzes folcl\u00f3ricas como express\u00e3o dos povos que a habitam. Os primeiros recitais ser\u00e3o de m\u00fasica e poesia com um di\u00e1logo entre autores colombianos e argentinos, entre m\u00fasicas e relatos. Por outro lado, Echarry [&hellip;]<\/p>\n","protected":false},"author":1,"featured_media":11239,"comment_status":"closed","ping_status":"closed","sticky":false,"template":"","format":"standard","meta":{"footnotes":""},"categories":[218],"tags":[],"class_list":["post-11241","post","type-post","status-publish","format-standard","has-post-thumbnail","hentry","category-noticias-generales-pt"],"lang":"pt","translations":{"pt":11241,"es":11237},"pll_sync_post":[],"post_mailing_queue_ids":[],"_links":{"self":[{"href":"http:\/\/staging.ibermusicas.org\/index.php\/wp-json\/wp\/v2\/posts\/11241","targetHints":{"allow":["GET"]}}],"collection":[{"href":"http:\/\/staging.ibermusicas.org\/index.php\/wp-json\/wp\/v2\/posts"}],"about":[{"href":"http:\/\/staging.ibermusicas.org\/index.php\/wp-json\/wp\/v2\/types\/post"}],"author":[{"embeddable":true,"href":"http:\/\/staging.ibermusicas.org\/index.php\/wp-json\/wp\/v2\/users\/1"}],"replies":[{"embeddable":true,"href":"http:\/\/staging.ibermusicas.org\/index.php\/wp-json\/wp\/v2\/comments?post=11241"}],"version-history":[{"count":1,"href":"http:\/\/staging.ibermusicas.org\/index.php\/wp-json\/wp\/v2\/posts\/11241\/revisions"}],"predecessor-version":[{"id":11242,"href":"http:\/\/staging.ibermusicas.org\/index.php\/wp-json\/wp\/v2\/posts\/11241\/revisions\/11242"}],"wp:featuredmedia":[{"embeddable":true,"href":"http:\/\/staging.ibermusicas.org\/index.php\/wp-json\/wp\/v2\/media\/11239"}],"wp:attachment":[{"href":"http:\/\/staging.ibermusicas.org\/index.php\/wp-json\/wp\/v2\/media?parent=11241"}],"wp:term":[{"taxonomy":"category","embeddable":true,"href":"http:\/\/staging.ibermusicas.org\/index.php\/wp-json\/wp\/v2\/categories?post=11241"},{"taxonomy":"post_tag","embeddable":true,"href":"http:\/\/staging.ibermusicas.org\/index.php\/wp-json\/wp\/v2\/tags?post=11241"}],"curies":[{"name":"wp","href":"https:\/\/api.w.org\/{rel}","templated":true}]}}