{"id":11243,"date":"2022-02-07T18:15:12","date_gmt":"2022-02-07T18:15:12","guid":{"rendered":"http:\/\/staging.ibermusicas.org\/?p=11243"},"modified":"2022-03-03T18:42:08","modified_gmt":"2022-03-03T18:42:08","slug":"desde-mexico-llegan-cinco-nuevos-conciertos-virtuales-de-fri-qui","status":"publish","type":"post","link":"http:\/\/staging.ibermusicas.org\/index.php\/desde-mexico-llegan-cinco-nuevos-conciertos-virtuales-de-fri-qui\/","title":{"rendered":"Desde M\u00e9xico llegan cinco nuevos conciertos virtuales de FRI &#8211; QUI"},"content":{"rendered":"<p>FRI-QUI es un video-performance musical en el que se utilizan objetos como controles remotos y de videojuegos, computadoras y amplificadores para crear sonidos y melod\u00edas.<\/p>\n<p>Se trata de un mundo sonoro creado por Eusebio S\u00e1nchez, un percusionista y compositor mexicano que a trav\u00e9s de la marimba y de la tecnolog\u00eda rescata la cultura de su pa\u00eds, pero tambi\u00e9n hace un comentario sobre la realidad en la que habitan las personas en la actualidad: los videojuegos, los dispositivos m\u00f3viles, la realidad aumentada, la pandemia, las interconexiones y las redes sociales. Con el sonido suave de las placas de madera, S\u00e1nchez crea un trayecto que habla del universo de aquellos a quienes llaman friquis. Y lanza la pregunta: \u201c\u00bfno somos todos friquis?\u201d.<\/p>\n<p>Del 24 al 28 de febrero 2022 a las 20:00 hs. (CDMX) en\u00a0<a href=\"https:\/\/lt.mydplr.com\/43a7b40f4da54286ce59719146308d1a-81868bec073b3970fa62af291f12b42d\" target=\"_blank\" rel=\"noopener\" data-saferedirecturl=\"https:\/\/www.google.com\/url?q=https:\/\/lt.mydplr.com\/43a7b40f4da54286ce59719146308d1a-81868bec073b3970fa62af291f12b42d&amp;source=gmail&amp;ust=1644342677159000&amp;usg=AOvVaw167ihbQ48y7F37oC0JTv1Z\">youtube.com<\/a><\/p>\n","protected":false},"excerpt":{"rendered":"<p>FRI-QUI es un video-performance musical en el que se utilizan objetos como controles remotos y de videojuegos, computadoras y amplificadores para crear sonidos y melod\u00edas. Se trata de un mundo sonoro creado por Eusebio S\u00e1nchez, un percusionista y compositor mexicano que a trav\u00e9s de la marimba y de la tecnolog\u00eda rescata la cultura de su [&hellip;]<\/p>\n","protected":false},"author":1,"featured_media":11244,"comment_status":"closed","ping_status":"closed","sticky":false,"template":"","format":"standard","meta":{"footnotes":""},"categories":[53],"tags":[],"class_list":["post-11243","post","type-post","status-publish","format-standard","has-post-thumbnail","hentry","category-noticias-generales"],"lang":"es","translations":{"es":11243,"pt":11246},"pll_sync_post":[],"post_mailing_queue_ids":[],"_links":{"self":[{"href":"http:\/\/staging.ibermusicas.org\/index.php\/wp-json\/wp\/v2\/posts\/11243","targetHints":{"allow":["GET"]}}],"collection":[{"href":"http:\/\/staging.ibermusicas.org\/index.php\/wp-json\/wp\/v2\/posts"}],"about":[{"href":"http:\/\/staging.ibermusicas.org\/index.php\/wp-json\/wp\/v2\/types\/post"}],"author":[{"embeddable":true,"href":"http:\/\/staging.ibermusicas.org\/index.php\/wp-json\/wp\/v2\/users\/1"}],"replies":[{"embeddable":true,"href":"http:\/\/staging.ibermusicas.org\/index.php\/wp-json\/wp\/v2\/comments?post=11243"}],"version-history":[{"count":1,"href":"http:\/\/staging.ibermusicas.org\/index.php\/wp-json\/wp\/v2\/posts\/11243\/revisions"}],"predecessor-version":[{"id":11245,"href":"http:\/\/staging.ibermusicas.org\/index.php\/wp-json\/wp\/v2\/posts\/11243\/revisions\/11245"}],"wp:featuredmedia":[{"embeddable":true,"href":"http:\/\/staging.ibermusicas.org\/index.php\/wp-json\/wp\/v2\/media\/11244"}],"wp:attachment":[{"href":"http:\/\/staging.ibermusicas.org\/index.php\/wp-json\/wp\/v2\/media?parent=11243"}],"wp:term":[{"taxonomy":"category","embeddable":true,"href":"http:\/\/staging.ibermusicas.org\/index.php\/wp-json\/wp\/v2\/categories?post=11243"},{"taxonomy":"post_tag","embeddable":true,"href":"http:\/\/staging.ibermusicas.org\/index.php\/wp-json\/wp\/v2\/tags?post=11243"}],"curies":[{"name":"wp","href":"https:\/\/api.w.org\/{rel}","templated":true}]}}