{"id":11246,"date":"2022-02-07T18:16:54","date_gmt":"2022-02-07T18:16:54","guid":{"rendered":"http:\/\/staging.ibermusicas.org\/?p=11246"},"modified":"2022-03-03T19:08:01","modified_gmt":"2022-03-03T19:08:01","slug":"do-mexico-chegam-cinco-novos-concertos-virtuais-de-fri-qui","status":"publish","type":"post","link":"http:\/\/staging.ibermusicas.org\/index.php\/do-mexico-chegam-cinco-novos-concertos-virtuais-de-fri-qui\/","title":{"rendered":"Do M\u00e9xico chegam cinco novos concertos virtuais de FRI &#8211; QUI"},"content":{"rendered":"<p>O FRI-QUI \u00e9 um v\u00eddeo-performance musical no qual objetos como controles remotos e de videogames, computadores e amplificadores s\u00e3o usados para criar sons e melodias.<\/p>\n<p>Trata-se de um mundo sonoro criado por Eusebio S\u00e1nchez, um percussionista e compositor mexicano que, atrav\u00e9s da marimba e da tecnologia, resgata a cultura do seu pa\u00eds, mas tamb\u00e9m faz um coment\u00e1rio sobre a realidade em que vivem as pessoas na atualidade: jogos de v\u00eddeo, dispositivos m\u00f3veis, realidade aumentada, pandemia, interconex\u00f5es e redes sociais. Com o som suave das placas de madeira, S\u00e1nchez cria um trajeto que fala do universo daqueles a quem chamam friquis. E lan\u00e7a a pergunta: \u00abN\u00e3o somos todos friquis?\u00bb.<\/p>\n<p>De 24 a 28 de fevereiro de 2022 \u00e0s 20:00 hs. (CDMX) em\u00a0<a href=\"https:\/\/lt.mydplr.com\/43a7b40f4da54286ce59719146308d1a-81868bec073b3970fa62af291f12b42d\" target=\"_blank\" rel=\"noopener\" data-saferedirecturl=\"https:\/\/www.google.com\/url?q=https:\/\/lt.mydplr.com\/43a7b40f4da54286ce59719146308d1a-81868bec073b3970fa62af291f12b42d&amp;source=gmail&amp;ust=1644342677159000&amp;usg=AOvVaw167ihbQ48y7F37oC0JTv1Z\">youtube.com<\/a><\/p>\n","protected":false},"excerpt":{"rendered":"<p>O FRI-QUI \u00e9 um v\u00eddeo-performance musical no qual objetos como controles remotos e de videogames, computadores e amplificadores s\u00e3o usados para criar sons e melodias. Trata-se de um mundo sonoro criado por Eusebio S\u00e1nchez, um percussionista e compositor mexicano que, atrav\u00e9s da marimba e da tecnologia, resgata a cultura do seu pa\u00eds, mas tamb\u00e9m faz [&hellip;]<\/p>\n","protected":false},"author":1,"featured_media":11244,"comment_status":"closed","ping_status":"closed","sticky":false,"template":"","format":"standard","meta":{"footnotes":""},"categories":[218],"tags":[],"class_list":["post-11246","post","type-post","status-publish","format-standard","has-post-thumbnail","hentry","category-noticias-generales-pt"],"lang":"pt","translations":{"pt":11246,"es":11243},"pll_sync_post":[],"post_mailing_queue_ids":[],"_links":{"self":[{"href":"http:\/\/staging.ibermusicas.org\/index.php\/wp-json\/wp\/v2\/posts\/11246","targetHints":{"allow":["GET"]}}],"collection":[{"href":"http:\/\/staging.ibermusicas.org\/index.php\/wp-json\/wp\/v2\/posts"}],"about":[{"href":"http:\/\/staging.ibermusicas.org\/index.php\/wp-json\/wp\/v2\/types\/post"}],"author":[{"embeddable":true,"href":"http:\/\/staging.ibermusicas.org\/index.php\/wp-json\/wp\/v2\/users\/1"}],"replies":[{"embeddable":true,"href":"http:\/\/staging.ibermusicas.org\/index.php\/wp-json\/wp\/v2\/comments?post=11246"}],"version-history":[{"count":1,"href":"http:\/\/staging.ibermusicas.org\/index.php\/wp-json\/wp\/v2\/posts\/11246\/revisions"}],"predecessor-version":[{"id":11247,"href":"http:\/\/staging.ibermusicas.org\/index.php\/wp-json\/wp\/v2\/posts\/11246\/revisions\/11247"}],"wp:featuredmedia":[{"embeddable":true,"href":"http:\/\/staging.ibermusicas.org\/index.php\/wp-json\/wp\/v2\/media\/11244"}],"wp:attachment":[{"href":"http:\/\/staging.ibermusicas.org\/index.php\/wp-json\/wp\/v2\/media?parent=11246"}],"wp:term":[{"taxonomy":"category","embeddable":true,"href":"http:\/\/staging.ibermusicas.org\/index.php\/wp-json\/wp\/v2\/categories?post=11246"},{"taxonomy":"post_tag","embeddable":true,"href":"http:\/\/staging.ibermusicas.org\/index.php\/wp-json\/wp\/v2\/tags?post=11246"}],"curies":[{"name":"wp","href":"https:\/\/api.w.org\/{rel}","templated":true}]}}