{"id":11253,"date":"2022-02-07T18:58:04","date_gmt":"2022-02-07T18:58:04","guid":{"rendered":"http:\/\/staging.ibermusicas.org\/?p=11253"},"modified":"2022-03-03T18:41:55","modified_gmt":"2022-03-03T18:41:55","slug":"desde-mexico-la-asociacion-latinoamericana-del-arpa-inicia-su-ciclo-educacion-integral-para-el-arpista-en-latinoamerica","status":"publish","type":"post","link":"http:\/\/staging.ibermusicas.org\/index.php\/desde-mexico-la-asociacion-latinoamericana-del-arpa-inicia-su-ciclo-educacion-integral-para-el-arpista-en-latinoamerica\/","title":{"rendered":"Desde M\u00e9xico, la Asociaci\u00f3n Latinoamericana del Arpa inicia su ciclo Educaci\u00f3n Integral para el Arpista en Latinoam\u00e9rica"},"content":{"rendered":"<p>Este proyecto atiende cuatro aspectos del desarrollo integral del arpista latinoamericano: el cuidado del cuerpo, el mantenimiento del instrumento, el fomento al conocimiento del contexto hist\u00f3rico y el perfeccionamiento t\u00e9cnico e interpretativo, a trav\u00e9s de seis actividades y tres conciertos impartidos por profesionales del medio.<\/p>\n<p>Actividades educativas (para miembros de la asociaci\u00f3n):<\/p>\n<p>1. La doctora Claudina Hern\u00e1ndez Bean (Cuba) ofrecer\u00e1 una conferencia sobre la salud del m\u00fasico, prevenci\u00f3n de lesiones y cuidado en general del cuerpo.<br \/>\n2. El t\u00e9cnico de arpas Enric de Anciola (Espa\u00f1a) ofrecer\u00e1 un taller de mantenimiento de arpas, donde cada arpista aprender\u00e1 las medidas a tomar ante emergencias relacionadas con la integridad de su instrumento.<br \/>\n3. El music\u00f3logo y arpista Edmundo Camacho (M\u00e9xico) presentar\u00e1 la conferencia \u00abLa influencia de Nicanor Zabaleta en el desarrollo del arpa de pedales en Latinoam\u00e9rica\u00bb la cual se enfocar\u00e1 en la importancia de los int\u00e9rpretes para el desarrollo del repertorio y la generaci\u00f3n de una identidad cultural.<br \/>\n4. La solista internacional Anneleen Lenaerts (B\u00e9lgica), arpista de la Orquesta Filarm\u00f3nica de Viena y artista exclusiva de Warner Classics, ofrecer\u00e1 una clase magistral sobre repertorio y t\u00e9cnica del instrumento.<br \/>\n5. La maestra Martha Bonilla (Colombia), arpista principal de la Orquesta Filarm\u00f3nica de Bogot\u00e1, impartir\u00e1 una clase magistral enfocada en el repertorio orquestal y la preparaci\u00f3n para audiciones de festivales y concursos de oposici\u00f3n profesionales.<br \/>\n6. La pedagoga y arpista Marisela Gonz\u00e1lez (Venezuela) dictar\u00e1 una clase magistral sobre el repertorio latinoamericano de arpa de pedales.<\/p>\n<p>Conciertos (para el p\u00fablico en general):<\/p>\n<p>1. La arpista Soledad Yaya (Argentina\/Brasil) interpretar\u00e1 un programa de m\u00fasica de c\u00e1mara latinoamericana, principalmente argentina y brasile\u00f1a.<br \/>\n2. El maestro Celso Duarte (M\u00e9xico\/Paraguay) ofrecer\u00e1 un concierto de m\u00fasica folcl\u00f3rica para arpas tradicionales de sus natales M\u00e9xico y Paraguay titulado \u00abDe Norte a Sur\u00bb.<br \/>\n3. Se curar\u00e1 un concierto interpretado por los alumnos que participen en las clases magistrales ya mencionadas en este proyecto, con el prop\u00f3sito de presentar al p\u00fablico el desarrollo que experimentaron en el repertorio trabajado.<\/p>\n<p>Todas las actividades ser\u00e1n realizadas por medio de la plataforma zoom.<\/p>\n<p>M\u00e1s informaci\u00f3n en:\u00a0<a href=\"https:\/\/lt.mydplr.com\/779247e0de6b807059c11700498ca85a-81868bec073b3970fa62af291f12b42d\" target=\"_blank\" rel=\"noopener\" data-saferedirecturl=\"https:\/\/www.google.com\/url?q=https:\/\/lt.mydplr.com\/779247e0de6b807059c11700498ca85a-81868bec073b3970fa62af291f12b42d&amp;source=gmail&amp;ust=1644342677159000&amp;usg=AOvVaw2axofwgwOP6a2X3IeurRGG\">www.arpalatinoamerica.org<\/a><\/p>\n","protected":false},"excerpt":{"rendered":"<p>Este proyecto atiende cuatro aspectos del desarrollo integral del arpista latinoamericano: el cuidado del cuerpo, el mantenimiento del instrumento, el fomento al conocimiento del contexto hist\u00f3rico y el perfeccionamiento t\u00e9cnico e interpretativo, a trav\u00e9s de seis actividades y tres conciertos impartidos por profesionales del medio. Actividades educativas (para miembros de la asociaci\u00f3n): 1. La doctora [&hellip;]<\/p>\n","protected":false},"author":1,"featured_media":11254,"comment_status":"closed","ping_status":"closed","sticky":false,"template":"","format":"standard","meta":{"footnotes":""},"categories":[53],"tags":[],"class_list":["post-11253","post","type-post","status-publish","format-standard","has-post-thumbnail","hentry","category-noticias-generales"],"lang":"es","translations":{"es":11253,"pt":11256},"pll_sync_post":[],"post_mailing_queue_ids":[],"_links":{"self":[{"href":"http:\/\/staging.ibermusicas.org\/index.php\/wp-json\/wp\/v2\/posts\/11253","targetHints":{"allow":["GET"]}}],"collection":[{"href":"http:\/\/staging.ibermusicas.org\/index.php\/wp-json\/wp\/v2\/posts"}],"about":[{"href":"http:\/\/staging.ibermusicas.org\/index.php\/wp-json\/wp\/v2\/types\/post"}],"author":[{"embeddable":true,"href":"http:\/\/staging.ibermusicas.org\/index.php\/wp-json\/wp\/v2\/users\/1"}],"replies":[{"embeddable":true,"href":"http:\/\/staging.ibermusicas.org\/index.php\/wp-json\/wp\/v2\/comments?post=11253"}],"version-history":[{"count":1,"href":"http:\/\/staging.ibermusicas.org\/index.php\/wp-json\/wp\/v2\/posts\/11253\/revisions"}],"predecessor-version":[{"id":11255,"href":"http:\/\/staging.ibermusicas.org\/index.php\/wp-json\/wp\/v2\/posts\/11253\/revisions\/11255"}],"wp:featuredmedia":[{"embeddable":true,"href":"http:\/\/staging.ibermusicas.org\/index.php\/wp-json\/wp\/v2\/media\/11254"}],"wp:attachment":[{"href":"http:\/\/staging.ibermusicas.org\/index.php\/wp-json\/wp\/v2\/media?parent=11253"}],"wp:term":[{"taxonomy":"category","embeddable":true,"href":"http:\/\/staging.ibermusicas.org\/index.php\/wp-json\/wp\/v2\/categories?post=11253"},{"taxonomy":"post_tag","embeddable":true,"href":"http:\/\/staging.ibermusicas.org\/index.php\/wp-json\/wp\/v2\/tags?post=11253"}],"curies":[{"name":"wp","href":"https:\/\/api.w.org\/{rel}","templated":true}]}}