{"id":11256,"date":"2022-02-07T18:59:30","date_gmt":"2022-02-07T18:59:30","guid":{"rendered":"http:\/\/staging.ibermusicas.org\/?p=11256"},"modified":"2022-03-03T19:07:49","modified_gmt":"2022-03-03T19:07:49","slug":"do-mexico-a-associacao-latino-americana-do-harpa-inicia-seu-ciclo-educacao-integral-para-o-harpista-na-america-latina","status":"publish","type":"post","link":"http:\/\/staging.ibermusicas.org\/index.php\/do-mexico-a-associacao-latino-americana-do-harpa-inicia-seu-ciclo-educacao-integral-para-o-harpista-na-america-latina\/","title":{"rendered":"Do M\u00e9xico, a Associa\u00e7\u00e3o Latino-americana do Harpa inicia seu ciclo Educa\u00e7\u00e3o Integral para o Harpista na Am\u00e9rica Latina"},"content":{"rendered":"<p>Este projeto atende quatro aspectos do desenvolvimento integral do harpista latino-americano: o cuidado do corpo, a manuten\u00e7\u00e3o do instrumento, o fomento ao conhecimento do contexto hist\u00f3rico e o aperfei\u00e7oamento t\u00e9cnico e interpretativo, atrav\u00e9s de seis atividades e tr\u00eas concertos realizados por profissionais do meio.<\/p>\n<p>Atividades educativas (para membros da associa\u00e7\u00e3o):<\/p>\n<p>1. A doutora Claudina Hern\u00e1ndez Bean (Cuba) oferecer\u00e1 uma confer\u00eancia sobre a sa\u00fade do m\u00fasico, preven\u00e7\u00e3o de les\u00f5es e cuidado em geral do corpo.<br \/>\n2. O t\u00e9cnico de harpas Enric de Anciola (Espanha) oferecer\u00e1 uma oficina de manuten\u00e7\u00e3o de harpas, onde cada harpista aprender\u00e1 as medidas a tomar perante emerg\u00eancias relacionadas com a integridade do seu instrumento.<br \/>\n3. O music\u00f3logo e arpista Edmundo Camacho (M\u00e9xico) apresentar\u00e1 a confer\u00eancia \u00abA influ\u00eancia de Nicanor Zabaleta no desenvolvimento da harpa de pedais na Am\u00e9rica Latina\u00bb a qual se centrar\u00e1 na import\u00e2ncia dos int\u00e9rpretes para o desenvolvimento do repert\u00f3rio e a gera\u00e7\u00e3o de uma identidade cultural.<br \/>\n4. A solista internacional Anneleen Lenaerts (B\u00e9lgica), harpista da Orquestra Filarm\u00f3nica de Viena e artista exclusiva da Warner Classics, oferecer\u00e1 uma aula magistral sobre repert\u00f3rio e t\u00e9cnica do instrumento.<br \/>\n5. A mestra Martha Bonilla (Col\u00f4mbia), harpista principal da Orquestra Filarm\u00f3nica de Bogot\u00e1, dar\u00e1 uma aula magistral focada no repert\u00f3rio orquestral e na prepara\u00e7\u00e3o para audi\u00e7\u00f5es de festivais e concursos de oposi\u00e7\u00e3o profissionais.<br \/>\n6. A pedagoga e harpista Marisela Gonz\u00e1lez (Venezuela) vai dar uma aula sobre o repert\u00f3rio latino-americano de harpa de pedais.<\/p>\n<p>Concertos (para o p\u00fablico em geral):<\/p>\n<p>1. A harpista Soledad Yaya (Argentina\/Brasil) interpretar\u00e1 um programa de m\u00fasica de c\u00e2mara latino-americana, principalmente argentina e brasileira.<br \/>\n2. O maestro Celso Duarte (M\u00e9xico\/Paraguai) oferecer\u00e1 um concerto de m\u00fasica folcl\u00f3rica para harpas tradicionais de seus natais M\u00e9xico e Paraguai intitulado \u00abDe Norte a Sul\u00bb.<br \/>\n3. Ser\u00e1 curado um concerto interpretado pelos alunos que participem nas aulas magisteriais j\u00e1 mencionadas neste projecto, com o prop\u00f3sito de apresentar ao p\u00fablico o desenvolvimento que experimentaram no repert\u00f3rio trabalhado.<\/p>\n<p>Todas as atividades ser\u00e3o realizadas atrav\u00e9s da plataforma zoom.<\/p>\n<p>Mais informa\u00e7\u00f5es em\u00a0<a href=\"https:\/\/lt.mydplr.com\/779247e0de6b807059c11700498ca85a-81868bec073b3970fa62af291f12b42d\" target=\"_blank\" rel=\"noopener\" data-saferedirecturl=\"https:\/\/www.google.com\/url?q=https:\/\/lt.mydplr.com\/779247e0de6b807059c11700498ca85a-81868bec073b3970fa62af291f12b42d&amp;source=gmail&amp;ust=1644342677159000&amp;usg=AOvVaw2axofwgwOP6a2X3IeurRGG\">www.arpalatinoamerica.org<\/a><\/p>\n","protected":false},"excerpt":{"rendered":"<p>Este projeto atende quatro aspectos do desenvolvimento integral do harpista latino-americano: o cuidado do corpo, a manuten\u00e7\u00e3o do instrumento, o fomento ao conhecimento do contexto hist\u00f3rico e o aperfei\u00e7oamento t\u00e9cnico e interpretativo, atrav\u00e9s de seis atividades e tr\u00eas concertos realizados por profissionais do meio. Atividades educativas (para membros da associa\u00e7\u00e3o): 1. A doutora Claudina Hern\u00e1ndez [&hellip;]<\/p>\n","protected":false},"author":1,"featured_media":11254,"comment_status":"closed","ping_status":"closed","sticky":false,"template":"","format":"standard","meta":{"footnotes":""},"categories":[218],"tags":[],"class_list":["post-11256","post","type-post","status-publish","format-standard","has-post-thumbnail","hentry","category-noticias-generales-pt"],"lang":"pt","translations":{"pt":11256,"es":11253},"pll_sync_post":[],"post_mailing_queue_ids":[],"_links":{"self":[{"href":"http:\/\/staging.ibermusicas.org\/index.php\/wp-json\/wp\/v2\/posts\/11256","targetHints":{"allow":["GET"]}}],"collection":[{"href":"http:\/\/staging.ibermusicas.org\/index.php\/wp-json\/wp\/v2\/posts"}],"about":[{"href":"http:\/\/staging.ibermusicas.org\/index.php\/wp-json\/wp\/v2\/types\/post"}],"author":[{"embeddable":true,"href":"http:\/\/staging.ibermusicas.org\/index.php\/wp-json\/wp\/v2\/users\/1"}],"replies":[{"embeddable":true,"href":"http:\/\/staging.ibermusicas.org\/index.php\/wp-json\/wp\/v2\/comments?post=11256"}],"version-history":[{"count":1,"href":"http:\/\/staging.ibermusicas.org\/index.php\/wp-json\/wp\/v2\/posts\/11256\/revisions"}],"predecessor-version":[{"id":11257,"href":"http:\/\/staging.ibermusicas.org\/index.php\/wp-json\/wp\/v2\/posts\/11256\/revisions\/11257"}],"wp:featuredmedia":[{"embeddable":true,"href":"http:\/\/staging.ibermusicas.org\/index.php\/wp-json\/wp\/v2\/media\/11254"}],"wp:attachment":[{"href":"http:\/\/staging.ibermusicas.org\/index.php\/wp-json\/wp\/v2\/media?parent=11256"}],"wp:term":[{"taxonomy":"category","embeddable":true,"href":"http:\/\/staging.ibermusicas.org\/index.php\/wp-json\/wp\/v2\/categories?post=11256"},{"taxonomy":"post_tag","embeddable":true,"href":"http:\/\/staging.ibermusicas.org\/index.php\/wp-json\/wp\/v2\/tags?post=11256"}],"curies":[{"name":"wp","href":"https:\/\/api.w.org\/{rel}","templated":true}]}}