{"id":11264,"date":"2022-02-07T19:04:52","date_gmt":"2022-02-07T19:04:52","guid":{"rendered":"http:\/\/staging.ibermusicas.org\/?p=11264"},"modified":"2022-03-03T18:41:09","modified_gmt":"2022-03-03T18:41:09","slug":"la-filarmonia-de-bagaces-presenta-el-proyecto-homenaje-a-los-compositores-guanacastecos-un-material-audiovisual-que-reune-canciones-de-los-cantores-de-la-pampa-guanacasteca-de-costa-rica","status":"publish","type":"post","link":"http:\/\/staging.ibermusicas.org\/index.php\/la-filarmonia-de-bagaces-presenta-el-proyecto-homenaje-a-los-compositores-guanacastecos-un-material-audiovisual-que-reune-canciones-de-los-cantores-de-la-pampa-guanacasteca-de-costa-rica\/","title":{"rendered":"La Filarmon\u00eda de Bagaces, presenta el proyecto \u00abHomenaje a los compositores guanacastecos\u00bb, un material audiovisual que re\u00fane canciones de los cantores de la pampa guanacasteca de Costa Rica"},"content":{"rendered":"<p>La Filarmon\u00eda de Bagaces es un proyecto impulsado por un grupo de amantes de la m\u00fasica quienes han sembrado las bases y han venido desarrollando una agrupaci\u00f3n con miras a constituirla en una Banda de Conciertos para as\u00ed deleitar a los pobladores con repertorio regional, nacional e internacional mediante conciertos y actividades de gran calidad art\u00edstica.<\/p>\n<p>Con este proyecto buscan rendir homenaje a los compositores de la provincia de Guanacaste, Costa Rica, por medio de la virtualizaci\u00f3n de sus composiciones en audio y video, con el fin salvaguardar el legado cultural constitu\u00eddo por la riqueza musical de compositores como Medardo Guido, An\u00edbal Herrera, Ulpiano Duarte y Jes\u00fas Bonilla. Las canciones contienen motivos y letras que fueron inspiradas en aquellos elementos propios del territorio: la hacienda, el sabanero, atardeceres, cotidianidad, costumbres, tradiciones, jerga, que caracterizan y son propios de la identidad cultural del guanacasteco.<\/p>\n<p>Lunes 28 de febrero, 19:00 hs. Costa Rica en\u00a0<a href=\"https:\/\/lt.mydplr.com\/b04aa95df08d12a0a854af42d399e9f6-81868bec073b3970fa62af291f12b42d\" target=\"_blank\" rel=\"noopener\" data-saferedirecturl=\"https:\/\/www.google.com\/url?q=https:\/\/lt.mydplr.com\/b04aa95df08d12a0a854af42d399e9f6-81868bec073b3970fa62af291f12b42d&amp;source=gmail&amp;ust=1644342677160000&amp;usg=AOvVaw1Y28VpOoRTaKL-Izu-l2BQ\">youtube.com<\/a><\/p>\n","protected":false},"excerpt":{"rendered":"<p>La Filarmon\u00eda de Bagaces es un proyecto impulsado por un grupo de amantes de la m\u00fasica quienes han sembrado las bases y han venido desarrollando una agrupaci\u00f3n con miras a constituirla en una Banda de Conciertos para as\u00ed deleitar a los pobladores con repertorio regional, nacional e internacional mediante conciertos y actividades de gran calidad [&hellip;]<\/p>\n","protected":false},"author":1,"featured_media":11265,"comment_status":"closed","ping_status":"closed","sticky":false,"template":"","format":"standard","meta":{"footnotes":""},"categories":[53],"tags":[],"class_list":["post-11264","post","type-post","status-publish","format-standard","has-post-thumbnail","hentry","category-noticias-generales"],"lang":"es","translations":{"es":11264,"pt":11267},"pll_sync_post":[],"post_mailing_queue_ids":[],"_links":{"self":[{"href":"http:\/\/staging.ibermusicas.org\/index.php\/wp-json\/wp\/v2\/posts\/11264","targetHints":{"allow":["GET"]}}],"collection":[{"href":"http:\/\/staging.ibermusicas.org\/index.php\/wp-json\/wp\/v2\/posts"}],"about":[{"href":"http:\/\/staging.ibermusicas.org\/index.php\/wp-json\/wp\/v2\/types\/post"}],"author":[{"embeddable":true,"href":"http:\/\/staging.ibermusicas.org\/index.php\/wp-json\/wp\/v2\/users\/1"}],"replies":[{"embeddable":true,"href":"http:\/\/staging.ibermusicas.org\/index.php\/wp-json\/wp\/v2\/comments?post=11264"}],"version-history":[{"count":1,"href":"http:\/\/staging.ibermusicas.org\/index.php\/wp-json\/wp\/v2\/posts\/11264\/revisions"}],"predecessor-version":[{"id":11266,"href":"http:\/\/staging.ibermusicas.org\/index.php\/wp-json\/wp\/v2\/posts\/11264\/revisions\/11266"}],"wp:featuredmedia":[{"embeddable":true,"href":"http:\/\/staging.ibermusicas.org\/index.php\/wp-json\/wp\/v2\/media\/11265"}],"wp:attachment":[{"href":"http:\/\/staging.ibermusicas.org\/index.php\/wp-json\/wp\/v2\/media?parent=11264"}],"wp:term":[{"taxonomy":"category","embeddable":true,"href":"http:\/\/staging.ibermusicas.org\/index.php\/wp-json\/wp\/v2\/categories?post=11264"},{"taxonomy":"post_tag","embeddable":true,"href":"http:\/\/staging.ibermusicas.org\/index.php\/wp-json\/wp\/v2\/tags?post=11264"}],"curies":[{"name":"wp","href":"https:\/\/api.w.org\/{rel}","templated":true}]}}