{"id":11269,"date":"2022-02-07T19:07:19","date_gmt":"2022-02-07T19:07:19","guid":{"rendered":"http:\/\/staging.ibermusicas.org\/?p=11269"},"modified":"2022-03-03T18:41:02","modified_gmt":"2022-03-03T18:41:02","slug":"en-el-marco-del-festival-santiago-off-2022-de-chile-se-realizaron-multiples-actividades-musicales","status":"publish","type":"post","link":"http:\/\/staging.ibermusicas.org\/index.php\/en-el-marco-del-festival-santiago-off-2022-de-chile-se-realizaron-multiples-actividades-musicales\/","title":{"rendered":"En el marco del festival Santiago Off 2022 de Chile, se realizaron m\u00faltiples actividades musicales"},"content":{"rendered":"<p>M\u00fasica Off surge de una iniciativa de la Fundaci\u00f3n Santiago Off en colaboraci\u00f3n con la agencia Rustiklab Music y con el apoyo del Museo de la Memoria y los DDHH.<\/p>\n<p>La iniciativa consisti\u00f3 en una serie de actividades musicales online que contaron con artistas de Colombia, Argentina y Chile. Con tres shows, dos laboratorios, una charla inspiradora y un conversatorio; se present\u00f3 M\u00fasica Off, un proyecto de actividades musicales presenciales y por Zoom realizadas en el marco del Festival Internacional Santiago Off 2022. Los shows corresponden a dos mujeres argentinas: Anah\u00ed Arias y Maca Mona Mu; y a una colombiana: Latenaz. El primer laboratorio estuvo a cargo de Anah\u00ed Arias junto a la chilena Javiera Rosselot, y el segundo a cargo de Maca Mona Mu junto a la cantora chilena Miloska Valero Quiroz. La charla inspiradora fue realizada por Latenaz, quien tambi\u00e9n particip\u00f3 del Conversatorio \u201cMujeres en la M\u00fasica\u201d (Agentes de Chile, Argentina y Colombia).<\/p>\n<p>Esta iniciativa que lleva un enfoque feminista, busca aportar a la internacionalizaci\u00f3n de la m\u00fasica latinoamericana y al impulso del trabajo de creadoras musicales mujeres. Todas estas actividades conforman M\u00daSICA OFF y representan a varios pa\u00edses del continente en esta XI versi\u00f3n del Festival Internacional Santiago Off 2022.<\/p>\n<p>Ver en:<\/p>\n<p><a href=\"https:\/\/lt.mydplr.com\/4cdd1d653802d1dd3967123cfed50250-81868bec073b3970fa62af291f12b42d\" target=\"_blank\" rel=\"noopener\" data-saferedirecturl=\"https:\/\/www.google.com\/url?q=https:\/\/lt.mydplr.com\/4cdd1d653802d1dd3967123cfed50250-81868bec073b3970fa62af291f12b42d&amp;source=gmail&amp;ust=1644342677160000&amp;usg=AOvVaw3Tz4qdqMzsWqVGLsKIMbyE\">santiagooff.com\/evento\/anahi-<wbr \/>arias\/<\/a><br \/>\n<a href=\"https:\/\/lt.mydplr.com\/f8189362a5a9cd3ce6d5d8c59aec4cce-81868bec073b3970fa62af291f12b42d\" target=\"_blank\" rel=\"noopener\" data-saferedirecturl=\"https:\/\/www.google.com\/url?q=https:\/\/lt.mydplr.com\/f8189362a5a9cd3ce6d5d8c59aec4cce-81868bec073b3970fa62af291f12b42d&amp;source=gmail&amp;ust=1644342677160000&amp;usg=AOvVaw3pc-nBeDvO_IJqZ5GNCMzo\">santiagooff.com\/evento\/<wbr \/>latenaz\/<\/a><br \/>\n<a href=\"https:\/\/lt.mydplr.com\/ce1716be3b6bc8a65d2c5497cf086efc-81868bec073b3970fa62af291f12b42d\" target=\"_blank\" rel=\"noopener\" data-saferedirecturl=\"https:\/\/www.google.com\/url?q=https:\/\/lt.mydplr.com\/ce1716be3b6bc8a65d2c5497cf086efc-81868bec073b3970fa62af291f12b42d&amp;source=gmail&amp;ust=1644342677160000&amp;usg=AOvVaw0QJczRpD59pdK5sp8P48NF\">santiagooff.com\/evento\/maca-<wbr \/>mona-mu\/<\/a><\/p>\n","protected":false},"excerpt":{"rendered":"<p>M\u00fasica Off surge de una iniciativa de la Fundaci\u00f3n Santiago Off en colaboraci\u00f3n con la agencia Rustiklab Music y con el apoyo del Museo de la Memoria y los DDHH. La iniciativa consisti\u00f3 en una serie de actividades musicales online que contaron con artistas de Colombia, Argentina y Chile. Con tres shows, dos laboratorios, una [&hellip;]<\/p>\n","protected":false},"author":1,"featured_media":11270,"comment_status":"closed","ping_status":"closed","sticky":false,"template":"","format":"standard","meta":{"footnotes":""},"categories":[53],"tags":[],"class_list":["post-11269","post","type-post","status-publish","format-standard","has-post-thumbnail","hentry","category-noticias-generales"],"lang":"es","translations":{"es":11269,"pt":11272},"pll_sync_post":[],"post_mailing_queue_ids":[],"_links":{"self":[{"href":"http:\/\/staging.ibermusicas.org\/index.php\/wp-json\/wp\/v2\/posts\/11269","targetHints":{"allow":["GET"]}}],"collection":[{"href":"http:\/\/staging.ibermusicas.org\/index.php\/wp-json\/wp\/v2\/posts"}],"about":[{"href":"http:\/\/staging.ibermusicas.org\/index.php\/wp-json\/wp\/v2\/types\/post"}],"author":[{"embeddable":true,"href":"http:\/\/staging.ibermusicas.org\/index.php\/wp-json\/wp\/v2\/users\/1"}],"replies":[{"embeddable":true,"href":"http:\/\/staging.ibermusicas.org\/index.php\/wp-json\/wp\/v2\/comments?post=11269"}],"version-history":[{"count":1,"href":"http:\/\/staging.ibermusicas.org\/index.php\/wp-json\/wp\/v2\/posts\/11269\/revisions"}],"predecessor-version":[{"id":11271,"href":"http:\/\/staging.ibermusicas.org\/index.php\/wp-json\/wp\/v2\/posts\/11269\/revisions\/11271"}],"wp:featuredmedia":[{"embeddable":true,"href":"http:\/\/staging.ibermusicas.org\/index.php\/wp-json\/wp\/v2\/media\/11270"}],"wp:attachment":[{"href":"http:\/\/staging.ibermusicas.org\/index.php\/wp-json\/wp\/v2\/media?parent=11269"}],"wp:term":[{"taxonomy":"category","embeddable":true,"href":"http:\/\/staging.ibermusicas.org\/index.php\/wp-json\/wp\/v2\/categories?post=11269"},{"taxonomy":"post_tag","embeddable":true,"href":"http:\/\/staging.ibermusicas.org\/index.php\/wp-json\/wp\/v2\/tags?post=11269"}],"curies":[{"name":"wp","href":"https:\/\/api.w.org\/{rel}","templated":true}]}}