{"id":11272,"date":"2022-02-07T19:08:37","date_gmt":"2022-02-07T19:08:37","guid":{"rendered":"http:\/\/staging.ibermusicas.org\/?p=11272"},"modified":"2022-03-03T19:07:31","modified_gmt":"2022-03-03T19:07:31","slug":"durante-duas-semanas-do-mes-de-dezembro-um-grupo-de-maestras-e-mestros-coristas-da-colombia-e-de-cuba-levara-adiante-o-intercambio-coral-colombia-cuba-2","status":"publish","type":"post","link":"http:\/\/staging.ibermusicas.org\/index.php\/durante-duas-semanas-do-mes-de-dezembro-um-grupo-de-maestras-e-mestros-coristas-da-colombia-e-de-cuba-levara-adiante-o-intercambio-coral-colombia-cuba-2\/","title":{"rendered":"Durante duas semanas do m\u00eas de dezembro, um grupo de maestras e mestros coristas da Col\u00f4mbia e de Cuba levar\u00e1 adiante o Interc\u00e2mbio Coral Col\u00f4mbia \u2013 Cuba"},"content":{"rendered":"<p>M\u00fasica Off surge de una iniciativa de la Fundaci\u00f3n Santiago Off en colaboraci\u00f3n con la agencia Rustiklab Music y con el apoyo del Museo de la Memoria y los DDHH.<\/p>\n<p>No marco do festival Santiago Off 2022 do Chile, realizaram-se m\u00faltiplas atividades musicais M\u00fasica Off surge de uma iniciativa da Funda\u00e7\u00e3o Santiago Off em colabora\u00e7\u00e3o com a ag\u00eancia Rustiklab Music e com o apoio do Museu da Mem\u00f3ria e dos DDHH.<\/p>\n<p>A iniciativa consistiu em uma s\u00e9rie de atividades musicais online que contaram com artistas da Col\u00f4mbia, Argentina e Chile. Com tr\u00eas shows, dois laborat\u00f3rios, uma palestra inspiradora e uma conversa; foi apresentado M\u00fasica Off, um projeto de atividades musicais presenciais e por Zoom realizadas no marco do Festival Internacional Santiago Off 2022. Os shows correspondem a duas mulheres argentinas: Anah\u00ed Arias e Maca Mona Mu; e a uma colombiana: Latenaz. O primeiro laborat\u00f3rio esteve a cargo de Anah\u00ed Arias junto \u00e0 chilena Javiera Rosselot, e o segundo a cargo de Maca Mona Mu junto \u00e0 cantora chilena Miloska Valero Quiroz. A palestra inspiradora foi realizada por Latenaz, que tamb\u00e9m participou do Conversat\u00f3rio \u00abMulheres na M\u00fasica\u00bb (Agentes do Chile, Argentina e Col\u00f4mbia).<\/p>\n<p>Esta iniciativa que leva um enfoque feminista, procura contribuir \u00e0 internacionaliza\u00e7\u00e3o da m\u00fasica latino-americana e ao impulso do trabalho de criadoras musicais mulheres. Todas estas atividades comp\u00f5em M\u00daSICA OFF e representam v\u00e1rios pa\u00edses do continente nesta XI vers\u00e3o do Festival Internacional Santiago Off 2022.<\/p>\n<p>Ver em:<\/p>\n<p><a href=\"https:\/\/lt.mydplr.com\/4cdd1d653802d1dd3967123cfed50250-81868bec073b3970fa62af291f12b42d\" target=\"_blank\" rel=\"noopener\" data-saferedirecturl=\"https:\/\/www.google.com\/url?q=https:\/\/lt.mydplr.com\/4cdd1d653802d1dd3967123cfed50250-81868bec073b3970fa62af291f12b42d&amp;source=gmail&amp;ust=1644342677160000&amp;usg=AOvVaw3Tz4qdqMzsWqVGLsKIMbyE\">santiagooff.com\/evento\/anahi-<wbr \/>arias\/<\/a><br \/>\n<a href=\"https:\/\/lt.mydplr.com\/f8189362a5a9cd3ce6d5d8c59aec4cce-81868bec073b3970fa62af291f12b42d\" target=\"_blank\" rel=\"noopener\" data-saferedirecturl=\"https:\/\/www.google.com\/url?q=https:\/\/lt.mydplr.com\/f8189362a5a9cd3ce6d5d8c59aec4cce-81868bec073b3970fa62af291f12b42d&amp;source=gmail&amp;ust=1644342677160000&amp;usg=AOvVaw3pc-nBeDvO_IJqZ5GNCMzo\">santiagooff.com\/evento\/<wbr \/>latenaz\/<\/a><br \/>\n<a href=\"https:\/\/lt.mydplr.com\/ce1716be3b6bc8a65d2c5497cf086efc-81868bec073b3970fa62af291f12b42d\" target=\"_blank\" rel=\"noopener\" data-saferedirecturl=\"https:\/\/www.google.com\/url?q=https:\/\/lt.mydplr.com\/ce1716be3b6bc8a65d2c5497cf086efc-81868bec073b3970fa62af291f12b42d&amp;source=gmail&amp;ust=1644342677160000&amp;usg=AOvVaw0QJczRpD59pdK5sp8P48NF\">santiagooff.com\/evento\/maca-<wbr \/>mona-mu\/<\/a><\/p>\n","protected":false},"excerpt":{"rendered":"<p>M\u00fasica Off surge de una iniciativa de la Fundaci\u00f3n Santiago Off en colaboraci\u00f3n con la agencia Rustiklab Music y con el apoyo del Museo de la Memoria y los DDHH. No marco do festival Santiago Off 2022 do Chile, realizaram-se m\u00faltiplas atividades musicais M\u00fasica Off surge de uma iniciativa da Funda\u00e7\u00e3o Santiago Off em colabora\u00e7\u00e3o [&hellip;]<\/p>\n","protected":false},"author":1,"featured_media":11270,"comment_status":"closed","ping_status":"closed","sticky":false,"template":"","format":"standard","meta":{"footnotes":""},"categories":[218],"tags":[],"class_list":["post-11272","post","type-post","status-publish","format-standard","has-post-thumbnail","hentry","category-noticias-generales-pt"],"lang":"pt","translations":{"pt":11272,"es":11269},"pll_sync_post":[],"post_mailing_queue_ids":[],"_links":{"self":[{"href":"http:\/\/staging.ibermusicas.org\/index.php\/wp-json\/wp\/v2\/posts\/11272","targetHints":{"allow":["GET"]}}],"collection":[{"href":"http:\/\/staging.ibermusicas.org\/index.php\/wp-json\/wp\/v2\/posts"}],"about":[{"href":"http:\/\/staging.ibermusicas.org\/index.php\/wp-json\/wp\/v2\/types\/post"}],"author":[{"embeddable":true,"href":"http:\/\/staging.ibermusicas.org\/index.php\/wp-json\/wp\/v2\/users\/1"}],"replies":[{"embeddable":true,"href":"http:\/\/staging.ibermusicas.org\/index.php\/wp-json\/wp\/v2\/comments?post=11272"}],"version-history":[{"count":1,"href":"http:\/\/staging.ibermusicas.org\/index.php\/wp-json\/wp\/v2\/posts\/11272\/revisions"}],"predecessor-version":[{"id":11273,"href":"http:\/\/staging.ibermusicas.org\/index.php\/wp-json\/wp\/v2\/posts\/11272\/revisions\/11273"}],"wp:featuredmedia":[{"embeddable":true,"href":"http:\/\/staging.ibermusicas.org\/index.php\/wp-json\/wp\/v2\/media\/11270"}],"wp:attachment":[{"href":"http:\/\/staging.ibermusicas.org\/index.php\/wp-json\/wp\/v2\/media?parent=11272"}],"wp:term":[{"taxonomy":"category","embeddable":true,"href":"http:\/\/staging.ibermusicas.org\/index.php\/wp-json\/wp\/v2\/categories?post=11272"},{"taxonomy":"post_tag","embeddable":true,"href":"http:\/\/staging.ibermusicas.org\/index.php\/wp-json\/wp\/v2\/tags?post=11272"}],"curies":[{"name":"wp","href":"https:\/\/api.w.org\/{rel}","templated":true}]}}