{"id":11311,"date":"2022-03-04T17:33:33","date_gmt":"2022-03-04T17:33:33","guid":{"rendered":"http:\/\/staging.ibermusicas.org\/?p=11311"},"modified":"2022-04-01T18:42:56","modified_gmt":"2022-04-01T18:42:56","slug":"desde-mexico-el-cmmas-presenta-la-edicion-2022-del-festival-perspectivas-sonoras","status":"publish","type":"post","link":"http:\/\/staging.ibermusicas.org\/index.php\/desde-mexico-el-cmmas-presenta-la-edicion-2022-del-festival-perspectivas-sonoras\/","title":{"rendered":"Desde M\u00e9xico, el CMMAS presenta la edici\u00f3n 2022 del Festival Perspectivas Sonoras"},"content":{"rendered":"<p>Perspectivas Sonoras 2022 es un ciclo de conciertos en l\u00ednea y mesas redondas a desarrollarse entre marzo y octubre de 2022, organizadas por el Centro Mexicano para la M\u00fasica y las Artes Sonoras.<\/p>\n<p>Se plantean 24 conciertos y 6 mesas redondas con 25 artistas internacionales. Cada concierto presentar\u00e1 entre 5 y 6 piezas dando un total de entre 120 y 150 obras, entre las que se incluir\u00e1n estrenos mundiales y en M\u00e9xico<\/p>\n<p>Perspectivas Sonoras 2022 tiene como objetivos espec\u00edficos: promocionar y difundir la m\u00fasica y el arte sonoro iberoamericano, fomentar la creaci\u00f3n art\u00edstica, reanudar actividades art\u00edsticas del CMMAS y de los artistas latinoamericanos, contribuir a la reactivaci\u00f3n y fortalecimiento del desarrollo art\u00edstico en M\u00e9xico y dialogar, reflexionar e idear nuevas formas de desarrollo, exhibici\u00f3n, promoci\u00f3n de la m\u00fasica y el arte sonoro para el futuro.<\/p>\n<p>9 de marzo 2022, Concierto de Jos\u00e9 Miguel Candela (Chile)<br \/>\n23 de marzo 2022, Ensamble A Tempo (M\u00e9xico)<\/p>\n<p><a href=\"https:\/\/lt.mydplr.com\/9ff9f790105622d50ef5bd4aa4a5d7c0-81868bec073b3970fa62af291f12b42d\" target=\"_blank\" rel=\"noopener\" data-saferedirecturl=\"https:\/\/www.google.com\/url?q=https:\/\/lt.mydplr.com\/9ff9f790105622d50ef5bd4aa4a5d7c0-81868bec073b3970fa62af291f12b42d&amp;source=gmail&amp;ust=1646496587422000&amp;usg=AOvVaw1AWgnll6b-yvTY5NdyQN7A\">youtube.com<\/a><\/p>\n","protected":false},"excerpt":{"rendered":"<p>Perspectivas Sonoras 2022 es un ciclo de conciertos en l\u00ednea y mesas redondas a desarrollarse entre marzo y octubre de 2022, organizadas por el Centro Mexicano para la M\u00fasica y las Artes Sonoras. Se plantean 24 conciertos y 6 mesas redondas con 25 artistas internacionales. Cada concierto presentar\u00e1 entre 5 y 6 piezas dando un [&hellip;]<\/p>\n","protected":false},"author":1,"featured_media":11312,"comment_status":"closed","ping_status":"closed","sticky":false,"template":"","format":"standard","meta":{"footnotes":""},"categories":[53],"tags":[],"class_list":["post-11311","post","type-post","status-publish","format-standard","has-post-thumbnail","hentry","category-noticias-generales"],"lang":"es","translations":{"es":11311,"pt":11314},"pll_sync_post":[],"post_mailing_queue_ids":[],"_links":{"self":[{"href":"http:\/\/staging.ibermusicas.org\/index.php\/wp-json\/wp\/v2\/posts\/11311","targetHints":{"allow":["GET"]}}],"collection":[{"href":"http:\/\/staging.ibermusicas.org\/index.php\/wp-json\/wp\/v2\/posts"}],"about":[{"href":"http:\/\/staging.ibermusicas.org\/index.php\/wp-json\/wp\/v2\/types\/post"}],"author":[{"embeddable":true,"href":"http:\/\/staging.ibermusicas.org\/index.php\/wp-json\/wp\/v2\/users\/1"}],"replies":[{"embeddable":true,"href":"http:\/\/staging.ibermusicas.org\/index.php\/wp-json\/wp\/v2\/comments?post=11311"}],"version-history":[{"count":1,"href":"http:\/\/staging.ibermusicas.org\/index.php\/wp-json\/wp\/v2\/posts\/11311\/revisions"}],"predecessor-version":[{"id":11313,"href":"http:\/\/staging.ibermusicas.org\/index.php\/wp-json\/wp\/v2\/posts\/11311\/revisions\/11313"}],"wp:featuredmedia":[{"embeddable":true,"href":"http:\/\/staging.ibermusicas.org\/index.php\/wp-json\/wp\/v2\/media\/11312"}],"wp:attachment":[{"href":"http:\/\/staging.ibermusicas.org\/index.php\/wp-json\/wp\/v2\/media?parent=11311"}],"wp:term":[{"taxonomy":"category","embeddable":true,"href":"http:\/\/staging.ibermusicas.org\/index.php\/wp-json\/wp\/v2\/categories?post=11311"},{"taxonomy":"post_tag","embeddable":true,"href":"http:\/\/staging.ibermusicas.org\/index.php\/wp-json\/wp\/v2\/tags?post=11311"}],"curies":[{"name":"wp","href":"https:\/\/api.w.org\/{rel}","templated":true}]}}