{"id":11326,"date":"2022-03-07T17:21:47","date_gmt":"2022-03-07T17:21:47","guid":{"rendered":"http:\/\/staging.ibermusicas.org\/?p=11326"},"modified":"2022-04-01T18:42:44","modified_gmt":"2022-04-01T18:42:44","slug":"con-talleres-y-conferencias-llega-desde-portugal-voces-itinerantes-una-plataforma-sobre-las-multiples-manifestaciones-de-la-voz-humana","status":"publish","type":"post","link":"http:\/\/staging.ibermusicas.org\/index.php\/con-talleres-y-conferencias-llega-desde-portugal-voces-itinerantes-una-plataforma-sobre-las-multiples-manifestaciones-de-la-voz-humana\/","title":{"rendered":"Con talleres y conferencias llega desde Portugal \u00abVoces Itinerantes\u00bb, una plataforma sobre las m\u00faltiples manifestaciones de la voz humana"},"content":{"rendered":"<p>El Proyecto Voces Itinerantes creado y dirigido por Vera Marques (Portugal) y Felipe Augusto (Brasil) es una plataforma de investigaci\u00f3n e intercambio sobre la potencia afectiva y pol\u00edtica de la voz en sus m\u00faltiples manifestaciones, ya sea en la m\u00fasica, en la oralidad o en la escritura. El proyecto adquiere forma bajo el formato de talleres de canto y conversaciones entre artistas &#8211; gratuitas y abiertas al p\u00fablico mediante inscripci\u00f3n previa. En esta edici\u00f3n el proyecto indaga sobre los usos de la voz en la m\u00fasica iberoamericana, centr\u00e1ndose en dos ejes: por un lado, artistas que integran la tradici\u00f3n con lo contempor\u00e1neo, trayendo nuevas perspectivas vocales y sonoras a la m\u00fasica popular y al folclore, y por otro, artistas de la m\u00fasica electr\u00f3nica y experimental que tengan la voz, el cuerpo y la oralidad como elementos fundamentales de sus trabajos. El programa cuenta con: Bruja del Texcoco (M\u00e9xico), Ilessi (Brasil), Roseane Santos (Brasil), Soema Montenegro (Argentina), Carincur (Portugal), Edgar Valente (Portugal), Diego El Gavi (Portugal) y Pu\u00e7anga (Portugal).<\/p>\n<p>Talleres de Voz<\/p>\n<p>\u25cf 5 de marzo: Taller con Diego el Gavi. Presentar\u00e1 su trayectoria musical y en el \u00e1rea de la educaci\u00f3n con proyectos desarrollados con la comunidad gitana. Abordar\u00e1 la est\u00e9tica del canto flamenco.<br \/>\n\u25cf 12 de marzo: Taller con Edgar Valente. Proporcionar\u00e1 un espacio de laboratorio para incorporar la voz aut\u00e9ntica. Utilizar\u00e1 el repertorio de la m\u00fasica tradicional de la Beira Baixa.<br \/>\n\u25cf 19 de marzo: Taller con Ilessi. Presentar\u00e1 una introducci\u00f3n a la improvisaci\u00f3n vocal, idiom\u00e1tica y libre, teniendo como enfoque la estil\u00edstica del canto en la m\u00fasica popular brasile\u00f1a.<br \/>\n\u25cf 26 de marzo: Taller con Soema Montenegro. La propuesta de este encuentro es abrir la posibilidad de experimentar y tomar conciencia en la pr\u00e1ctica de algunos modos posibles de investigar el cuerpo en relaci\u00f3n con la voz, y principalmente la interrelaci\u00f3n entre movimiento, voz y emocionalidad. Abordar\u00e1 las sonoridades de la voz popular y folcl\u00f3rica latinoamericana.<\/p>\n<p>Conversaciones<\/p>\n<p>\u25cf 12 de marzo: Edgar Valente + Diego El Gavi: Tradiciones reinventadas. Mientras Edgar Valente reinventa la m\u00fasica tradicional de Beira Baixa, Diego El Gavi mezcla el flamenco de la tradici\u00f3n gitana con las sonoridades del jazz latino y lo reinvindica como m\u00fasica portuguesa. En este encuentro, los m\u00fasicos conversar\u00e1n sobre c\u00f3mo cada uno reinventa su tradici\u00f3n a su manera.<br \/>\n\u25cf 18 de marzo: Ilessi + Roseane Santos: Voces de la di\u00e1spora Entre las influencias de Ilessi y Roseane Santos, predominan las canciones creadas en la di\u00e1spora negra. En esta conversaci\u00f3n, ambas dialogar\u00e1n sobre el papel de la ancestralidad en la m\u00fasica que hacen y qu\u00e9 voces formaron su voz<\/p>\n<p><a href=\"https:\/\/lt.mydplr.com\/7b08c4f00896dcc039b1790fb56da7c8-81868bec073b3970fa62af291f12b42d\" target=\"_blank\" rel=\"noopener\" data-saferedirecturl=\"https:\/\/www.google.com\/url?q=https:\/\/lt.mydplr.com\/7b08c4f00896dcc039b1790fb56da7c8-81868bec073b3970fa62af291f12b42d&amp;source=gmail&amp;ust=1646757218761000&amp;usg=AOvVaw3-UWClOxtXwqu4C23vvcw5\">facebook.com<\/a><\/p>\n<p>Todas las actividades se llevar\u00e1n a cabo a trav\u00e9s de la plataforma Zoom por medio de un enlace proporcionado a los participantes inscritos. Algunas tendr\u00e1n l\u00edmites en el n\u00famero de participantes, otras no.<\/p>\n","protected":false},"excerpt":{"rendered":"<p>El Proyecto Voces Itinerantes creado y dirigido por Vera Marques (Portugal) y Felipe Augusto (Brasil) es una plataforma de investigaci\u00f3n e intercambio sobre la potencia afectiva y pol\u00edtica de la voz en sus m\u00faltiples manifestaciones, ya sea en la m\u00fasica, en la oralidad o en la escritura. El proyecto adquiere forma bajo el formato de [&hellip;]<\/p>\n","protected":false},"author":1,"featured_media":11327,"comment_status":"closed","ping_status":"closed","sticky":false,"template":"","format":"standard","meta":{"footnotes":""},"categories":[53],"tags":[],"class_list":["post-11326","post","type-post","status-publish","format-standard","has-post-thumbnail","hentry","category-noticias-generales"],"lang":"es","translations":{"es":11326,"pt":11329},"pll_sync_post":[],"post_mailing_queue_ids":[],"_links":{"self":[{"href":"http:\/\/staging.ibermusicas.org\/index.php\/wp-json\/wp\/v2\/posts\/11326","targetHints":{"allow":["GET"]}}],"collection":[{"href":"http:\/\/staging.ibermusicas.org\/index.php\/wp-json\/wp\/v2\/posts"}],"about":[{"href":"http:\/\/staging.ibermusicas.org\/index.php\/wp-json\/wp\/v2\/types\/post"}],"author":[{"embeddable":true,"href":"http:\/\/staging.ibermusicas.org\/index.php\/wp-json\/wp\/v2\/users\/1"}],"replies":[{"embeddable":true,"href":"http:\/\/staging.ibermusicas.org\/index.php\/wp-json\/wp\/v2\/comments?post=11326"}],"version-history":[{"count":1,"href":"http:\/\/staging.ibermusicas.org\/index.php\/wp-json\/wp\/v2\/posts\/11326\/revisions"}],"predecessor-version":[{"id":11328,"href":"http:\/\/staging.ibermusicas.org\/index.php\/wp-json\/wp\/v2\/posts\/11326\/revisions\/11328"}],"wp:featuredmedia":[{"embeddable":true,"href":"http:\/\/staging.ibermusicas.org\/index.php\/wp-json\/wp\/v2\/media\/11327"}],"wp:attachment":[{"href":"http:\/\/staging.ibermusicas.org\/index.php\/wp-json\/wp\/v2\/media?parent=11326"}],"wp:term":[{"taxonomy":"category","embeddable":true,"href":"http:\/\/staging.ibermusicas.org\/index.php\/wp-json\/wp\/v2\/categories?post=11326"},{"taxonomy":"post_tag","embeddable":true,"href":"http:\/\/staging.ibermusicas.org\/index.php\/wp-json\/wp\/v2\/tags?post=11326"}],"curies":[{"name":"wp","href":"https:\/\/api.w.org\/{rel}","templated":true}]}}