{"id":11329,"date":"2022-03-07T17:23:09","date_gmt":"2022-03-07T17:23:09","guid":{"rendered":"http:\/\/staging.ibermusicas.org\/?p=11329"},"modified":"2022-04-01T18:45:11","modified_gmt":"2022-04-01T18:45:11","slug":"com-oficinas-e-conversas-chega-desde-portugal-vozes-itinerantes-uma-plataforma-sobre-as-multiplas-manifestacoes-da-voz-humana","status":"publish","type":"post","link":"http:\/\/staging.ibermusicas.org\/index.php\/com-oficinas-e-conversas-chega-desde-portugal-vozes-itinerantes-uma-plataforma-sobre-as-multiplas-manifestacoes-da-voz-humana\/","title":{"rendered":"Com oficinas e conversas chega desde Portugal \u201cVozes Itinerantes\u201d, uma plataforma sobre as m\u00faltiplas manifesta\u00e7\u00f5es da voz humana"},"content":{"rendered":"<p>O Projeto Vozes Itinerantes criado e dirigido por Vera Marques (Portugal) e Felipe Augusto (Brasil) \u00e9 uma plataforma de investiga\u00e7\u00e3o e partilha sobre a pot\u00eancia afetiva e pol\u00edtica da voz em suas m\u00faltiplas manifesta\u00e7\u00f5es, seja na m\u00fasica, na oralidade ou na escrita. O projeto ganhar\u00e1 forma sob o formato de oficinas de canto e conversas entre artistas &#8211; gratuitas e abertas ao p\u00fablico mediante inscri\u00e7\u00e3o. Nesta edi\u00e7\u00e3o o projecto indaga sobre os usos da voz na m\u00fasica ibero-americana, tendo o foco em dois eixos: por um lado, artistas que integram a tradi\u00e7\u00e3o com o contempor\u00e2neo, trazendo novas perspectivas vocais e sonoras \u00e0 m\u00fasica popular e ao folclore, e por outro, artistas da m\u00fasica eletr\u00f4nica e experimental que tenham a voz, o corpo e a oralidade como elementos fundamentais de seus trabalhos. O programa conta com: Bruja del Texcoco (M\u00e9xico), Ilessi (Brasil), Roseane Santos (Brasil), Soema Montenegro (Argentina), Carincur (Portugal), Edgar Valente (Portugal), Diego El Gavi (Portugal) e Pu\u00e7anga (Portugal).<\/p>\n<p>Oficinas de Voz<\/p>\n<p>\u25cf 5 de mar\u00e7o: Oficina com Diego el Gavi. Apresentar\u00e1 o seu percurso musical e na \u00e1rea da educa\u00e7\u00e3o com projectos desenvolvidos com a comunidade cigana. Abordar\u00e1 a est\u00e9tica do cante flamenco.<br \/>\n\u25cf 12 de mar\u00e7o: Oficina com Edgar Valente. Proporcionar\u00e1 um espa\u00e7o de laborat\u00f3rio para incorporar a voz aut\u00eantica. Utilizar\u00e1 o repert\u00f3rio da m\u00fasica tradicional da Beira Baixa.<br \/>\n\u25cf 19 de mar\u00e7o: Oficina com Ilessi. Apresentar\u00e1 uma introdu\u00e7\u00e3o \u00e0 improvisa\u00e7\u00e3o vocal, idiom\u00e1tica e livre, tendo como enfoque a estil\u00edstica do canto popular na m\u00fasica popular brasileira.<br \/>\n\u25cf 26 de mar\u00e7o: Oficina com Soema Montenegro. A proposta deste encontro \u00e9 abrir a possibilidade de experimentar e tomar consci\u00eancia na pr\u00e1tica de alguns modos poss\u00edveis de investigar o corpo em rela\u00e7\u00e3o com a voz, e principalmente a inter-rela\u00e7\u00e3o entre movimento, voz e emocionalidade. Abordar\u00e1 as sonoridades da voz popular e folcl\u00f3rica latino-americana.<\/p>\n<p>Conversas<\/p>\n<p>\u25cf 12 de mar\u00e7o: Edgar Valente + Diego El Gavi: Tradi\u00e7\u00f5es reinventadas. Enquanto Edgar Valente reinventa a m\u00fasica tradicional da Beira Baixa, Diego El Gavi mescla o flamenco da tradi\u00e7\u00e3o cigana com as sonoridades do jazz latino e o reinvindica como m\u00fasica portuguesa. Neste encontro, os m\u00fasicos conversar\u00e3o sobre como cada um reinventa sua tradi\u00e7\u00e3o a sua maneira.<br \/>\n\u25cf 18 de mar\u00e7o: Ilessi + Roseane Santos: Vozes da di\u00e1spora Entre as influ\u00eancias de Ilessi e Roseane Santos, predomina-se as m\u00fasicas criadas na di\u00e1spora negra. Nesta conversa, ambas dialogar\u00e3o sobre o papel da ancestralidade na m\u00fasica que fazem e quais vozes formaram sua voz.<\/p>\n<p><a href=\"https:\/\/lt.mydplr.com\/7b08c4f00896dcc039b1790fb56da7c8-81868bec073b3970fa62af291f12b42d\" target=\"_blank\" rel=\"noopener\" data-saferedirecturl=\"https:\/\/www.google.com\/url?q=https:\/\/lt.mydplr.com\/7b08c4f00896dcc039b1790fb56da7c8-81868bec073b3970fa62af291f12b42d&amp;source=gmail&amp;ust=1646757218761000&amp;usg=AOvVaw3-UWClOxtXwqu4C23vvcw5\">facebook.com<\/a><\/p>\n<p>Todas as actividades ser\u00e3o realizadas atrav\u00e9s da plataforma Zoom por meio de um link cedido aos participantes inscritos. Algumas ter\u00e3o limites no n\u00famero de participantes, outras n\u00e3o.<\/p>\n","protected":false},"excerpt":{"rendered":"<p>O Projeto Vozes Itinerantes criado e dirigido por Vera Marques (Portugal) e Felipe Augusto (Brasil) \u00e9 uma plataforma de investiga\u00e7\u00e3o e partilha sobre a pot\u00eancia afetiva e pol\u00edtica da voz em suas m\u00faltiplas manifesta\u00e7\u00f5es, seja na m\u00fasica, na oralidade ou na escrita. O projeto ganhar\u00e1 forma sob o formato de oficinas de canto e conversas [&hellip;]<\/p>\n","protected":false},"author":1,"featured_media":11327,"comment_status":"closed","ping_status":"closed","sticky":false,"template":"","format":"standard","meta":{"footnotes":""},"categories":[218],"tags":[],"class_list":["post-11329","post","type-post","status-publish","format-standard","has-post-thumbnail","hentry","category-noticias-generales-pt"],"lang":"pt","translations":{"pt":11329,"es":11326},"pll_sync_post":[],"post_mailing_queue_ids":[],"_links":{"self":[{"href":"http:\/\/staging.ibermusicas.org\/index.php\/wp-json\/wp\/v2\/posts\/11329","targetHints":{"allow":["GET"]}}],"collection":[{"href":"http:\/\/staging.ibermusicas.org\/index.php\/wp-json\/wp\/v2\/posts"}],"about":[{"href":"http:\/\/staging.ibermusicas.org\/index.php\/wp-json\/wp\/v2\/types\/post"}],"author":[{"embeddable":true,"href":"http:\/\/staging.ibermusicas.org\/index.php\/wp-json\/wp\/v2\/users\/1"}],"replies":[{"embeddable":true,"href":"http:\/\/staging.ibermusicas.org\/index.php\/wp-json\/wp\/v2\/comments?post=11329"}],"version-history":[{"count":1,"href":"http:\/\/staging.ibermusicas.org\/index.php\/wp-json\/wp\/v2\/posts\/11329\/revisions"}],"predecessor-version":[{"id":11330,"href":"http:\/\/staging.ibermusicas.org\/index.php\/wp-json\/wp\/v2\/posts\/11329\/revisions\/11330"}],"wp:featuredmedia":[{"embeddable":true,"href":"http:\/\/staging.ibermusicas.org\/index.php\/wp-json\/wp\/v2\/media\/11327"}],"wp:attachment":[{"href":"http:\/\/staging.ibermusicas.org\/index.php\/wp-json\/wp\/v2\/media?parent=11329"}],"wp:term":[{"taxonomy":"category","embeddable":true,"href":"http:\/\/staging.ibermusicas.org\/index.php\/wp-json\/wp\/v2\/categories?post=11329"},{"taxonomy":"post_tag","embeddable":true,"href":"http:\/\/staging.ibermusicas.org\/index.php\/wp-json\/wp\/v2\/tags?post=11329"}],"curies":[{"name":"wp","href":"https:\/\/api.w.org\/{rel}","templated":true}]}}