{"id":11334,"date":"2022-03-07T17:26:29","date_gmt":"2022-03-07T17:26:29","guid":{"rendered":"http:\/\/staging.ibermusicas.org\/?p=11334"},"modified":"2022-04-01T18:44:56","modified_gmt":"2022-04-01T18:44:56","slug":"o-duo-abasto-base-apresenta-cicatriz-da-manha-seu-disco-de-estreia-criado-entre-argentina-e-equador","status":"publish","type":"post","link":"http:\/\/staging.ibermusicas.org\/index.php\/o-duo-abasto-base-apresenta-cicatriz-da-manha-seu-disco-de-estreia-criado-entre-argentina-e-equador\/","title":{"rendered":"O duo Abasto Base apresenta \u00abCicatriz da Manh\u00e3\u00bb, seu disco de estr\u00e9ia criado entre Argentina e Equador"},"content":{"rendered":"<p>O duo formado pelo compositor e cantor rosarino Jos\u00e9 Ianniello e o guitarrista e arranjador portenho residente no Equador Adri\u00e1n Steinsleger, apresenta \u00abCicatriz da Manh\u00e3\u00bb, seu \u00e1lbum de estr\u00e9ia,<\/p>\n<p>Abasto Base \u00e9 a singular uni\u00e3o de dois m\u00fasicos argentinos que desenvolveram uma grande amizade e diferentes colabora\u00e7\u00f5es musicais na Cidade de Buenos Aires at\u00e9 2010, mas que h\u00e1 uma d\u00e9cada residem um em Rosario (Argentina), e outro em Cumbay\u00e1 (Equador) a mais de 5000 quil\u00f3metros de dist\u00e2ncia. Diante das diferentes inst\u00e2ncias de isolamento que paralisaram outro tipo de atividades, lan\u00e7aram-se a esta aventura, que tem raiz em um material que apresentaram esporadicamente na capital argentina, com agregados de novas composi\u00e7\u00f5es.<\/p>\n<p>Abasto Base toma o tango em guitarras como ponto de partida, e aumenta e diversifica sua proposta para g\u00eaneros lindantes como a milonga ou a valsa, ou em outros casos, m\u00fasicas mais distantes, como o bolero ou o chamam\u00e9, que se integram naturalmente \u00e0 proposta desde os arranjos e a composi\u00e7\u00e3o.<\/p>\n<p>Participam neste disco o baixista argentino Christian Basso, a percussionista Victoria Virgolini, o cantor Ignacio Ianniello, o bandonionista argentino, residente na B\u00e9lgica, Gerardo Agnese, a violinista equatoriana Juliana Pont\u00f3n e o cantor e acordeonista rosarino Nahuel Marquet.<\/p>\n<p>Lan\u00e7amento; 4 de mar\u00e7o nas plataformas:<\/p>\n<p><a href=\"https:\/\/lt.mydplr.com\/a0f12702bfe3362ebbf40e04cb65b8e5-81868bec073b3970fa62af291f12b42d\" target=\"_blank\" rel=\"noopener\" data-saferedirecturl=\"https:\/\/www.google.com\/url?q=https:\/\/lt.mydplr.com\/a0f12702bfe3362ebbf40e04cb65b8e5-81868bec073b3970fa62af291f12b42d&amp;source=gmail&amp;ust=1646757218761000&amp;usg=AOvVaw22yvW4kMlWyw47F6aiOFsX\">Spotify<\/a><br \/>\n<a href=\"https:\/\/lt.mydplr.com\/fca1be2956d7b153b069b0acd2d47cbb-81868bec073b3970fa62af291f12b42d\" target=\"_blank\" rel=\"noopener\" data-saferedirecturl=\"https:\/\/www.google.com\/url?q=https:\/\/lt.mydplr.com\/fca1be2956d7b153b069b0acd2d47cbb-81868bec073b3970fa62af291f12b42d&amp;source=gmail&amp;ust=1646757218761000&amp;usg=AOvVaw1asiIWbB50WzR7ykUjJq9e\">Youtube<\/a><br \/>\n<a href=\"https:\/\/lt.mydplr.com\/d50212bd62b8dc160da7eb9ebcc92077-81868bec073b3970fa62af291f12b42d\" target=\"_blank\" rel=\"noopener\" data-saferedirecturl=\"https:\/\/www.google.com\/url?q=https:\/\/lt.mydplr.com\/d50212bd62b8dc160da7eb9ebcc92077-81868bec073b3970fa62af291f12b42d&amp;source=gmail&amp;ust=1646757218761000&amp;usg=AOvVaw0M06NaqsJRy9pkdG5UZAkF\">Bandcamp<\/a><br \/>\n<a href=\"https:\/\/lt.mydplr.com\/0499c28db370ba46e20fb072f80ad3a4-81868bec073b3970fa62af291f12b42d\" target=\"_blank\" rel=\"noopener\" data-saferedirecturl=\"https:\/\/www.google.com\/url?q=https:\/\/lt.mydplr.com\/0499c28db370ba46e20fb072f80ad3a4-81868bec073b3970fa62af291f12b42d&amp;source=gmail&amp;ust=1646757218761000&amp;usg=AOvVaw0sJ5Hb9xMqvaAsULHZwTlr\">Instagram<\/a><\/p>\n","protected":false},"excerpt":{"rendered":"<p>O duo formado pelo compositor e cantor rosarino Jos\u00e9 Ianniello e o guitarrista e arranjador portenho residente no Equador Adri\u00e1n Steinsleger, apresenta \u00abCicatriz da Manh\u00e3\u00bb, seu \u00e1lbum de estr\u00e9ia, Abasto Base \u00e9 a singular uni\u00e3o de dois m\u00fasicos argentinos que desenvolveram uma grande amizade e diferentes colabora\u00e7\u00f5es musicais na Cidade de Buenos Aires at\u00e9 2010, [&hellip;]<\/p>\n","protected":false},"author":1,"featured_media":11332,"comment_status":"closed","ping_status":"closed","sticky":false,"template":"","format":"standard","meta":{"footnotes":""},"categories":[218],"tags":[],"class_list":["post-11334","post","type-post","status-publish","format-standard","has-post-thumbnail","hentry","category-noticias-generales-pt"],"lang":"pt","translations":{"pt":11334,"es":11331},"pll_sync_post":[],"post_mailing_queue_ids":[],"_links":{"self":[{"href":"http:\/\/staging.ibermusicas.org\/index.php\/wp-json\/wp\/v2\/posts\/11334","targetHints":{"allow":["GET"]}}],"collection":[{"href":"http:\/\/staging.ibermusicas.org\/index.php\/wp-json\/wp\/v2\/posts"}],"about":[{"href":"http:\/\/staging.ibermusicas.org\/index.php\/wp-json\/wp\/v2\/types\/post"}],"author":[{"embeddable":true,"href":"http:\/\/staging.ibermusicas.org\/index.php\/wp-json\/wp\/v2\/users\/1"}],"replies":[{"embeddable":true,"href":"http:\/\/staging.ibermusicas.org\/index.php\/wp-json\/wp\/v2\/comments?post=11334"}],"version-history":[{"count":1,"href":"http:\/\/staging.ibermusicas.org\/index.php\/wp-json\/wp\/v2\/posts\/11334\/revisions"}],"predecessor-version":[{"id":11335,"href":"http:\/\/staging.ibermusicas.org\/index.php\/wp-json\/wp\/v2\/posts\/11334\/revisions\/11335"}],"wp:featuredmedia":[{"embeddable":true,"href":"http:\/\/staging.ibermusicas.org\/index.php\/wp-json\/wp\/v2\/media\/11332"}],"wp:attachment":[{"href":"http:\/\/staging.ibermusicas.org\/index.php\/wp-json\/wp\/v2\/media?parent=11334"}],"wp:term":[{"taxonomy":"category","embeddable":true,"href":"http:\/\/staging.ibermusicas.org\/index.php\/wp-json\/wp\/v2\/categories?post=11334"},{"taxonomy":"post_tag","embeddable":true,"href":"http:\/\/staging.ibermusicas.org\/index.php\/wp-json\/wp\/v2\/tags?post=11334"}],"curies":[{"name":"wp","href":"https:\/\/api.w.org\/{rel}","templated":true}]}}