{"id":11341,"date":"2022-03-07T17:30:23","date_gmt":"2022-03-07T17:30:23","guid":{"rendered":"http:\/\/staging.ibermusicas.org\/?p=11341"},"modified":"2022-03-07T17:30:23","modified_gmt":"2022-03-07T17:30:23","slug":"comienza-la-capacitacion-virtual-para-musicos-de-chile-dictada-por-los-artistas-del-duo-desierto-y-agua-de-argentina","status":"publish","type":"post","link":"http:\/\/staging.ibermusicas.org\/index.php\/comienza-la-capacitacion-virtual-para-musicos-de-chile-dictada-por-los-artistas-del-duo-desierto-y-agua-de-argentina\/","title":{"rendered":"Comienza la capacitaci\u00f3n virtual para m\u00fasicos de Chile dictada por los artistas del d\u00fao Desierto y Agua de Argentina"},"content":{"rendered":"<p>Esta capacitaci\u00f3n est\u00e1 destinada a un colectivo de artistas m\u00fasicos chilenos, organizado desde Chile por Marcelo Alejandro Castillo Moya, popularmente conocido como Kaskivano y facilitada por Andrea Feiguin y Daniel Fern\u00e1ndez Ria\u00f1o de la agrupaci\u00f3n Desierto y Agua.<\/p>\n<p>Conforme van cambiando los tiempos surgen nuevas tecnolog\u00edas. Un ejemplo de esto son las plataformas streaming, esta tecnolog\u00eda est\u00e1 creando nuevas formas interactivas de concebir conocimiento. As\u00ed nos tornamos en seres anfibios que navegan las aguas de lo digital, dedic\u00e1ndoles cada vez m\u00e1s tiempo, sin dejar de subir a la superficie para relacionarnos personalmente. Los artistas de Desierto y Agua buscan acercar herramientas para adaptarse a este nuevo mundo, acomodar nuestros cimientos y no caer ante los sismos de las modificaciones que la realidad de la vida nos presenta indefectiblemente.<\/p>\n<p>Martes 1 de marzo de 12 a 15 hs. (hora Argentina): Capacitaci\u00f3n Streaming, cuestiones t\u00e9cnicas M\u00e1s capacitaci\u00f3n Estrategia difusi\u00f3n en redes sociales<\/p>\n<p>Martes 8 de marzo de 12 a 15 hs. (hora Argentina): Capacitaci\u00f3n agregadoras musicales, playlists, perfiles de artistas en plataformas, posicionamiento. Publicidad en redes sociales.<\/p>\n<p>Luego los contenidos ser\u00e1n alojados en:\u00a0<a href=\"https:\/\/lt.mydplr.com\/ec598f16313368c582392ce2d5b657d6-81868bec073b3970fa62af291f12b42d\" target=\"_blank\" rel=\"noopener\" data-saferedirecturl=\"https:\/\/www.google.com\/url?q=https:\/\/lt.mydplr.com\/ec598f16313368c582392ce2d5b657d6-81868bec073b3970fa62af291f12b42d&amp;source=gmail&amp;ust=1646757218761000&amp;usg=AOvVaw20Tvxu_e2-H0iqO-H4muEo\">youtube.com<\/a><\/p>\n","protected":false},"excerpt":{"rendered":"<p>Esta capacitaci\u00f3n est\u00e1 destinada a un colectivo de artistas m\u00fasicos chilenos, organizado desde Chile por Marcelo Alejandro Castillo Moya, popularmente conocido como Kaskivano y facilitada por Andrea Feiguin y Daniel Fern\u00e1ndez Ria\u00f1o de la agrupaci\u00f3n Desierto y Agua. Conforme van cambiando los tiempos surgen nuevas tecnolog\u00edas. Un ejemplo de esto son las plataformas streaming, esta [&hellip;]<\/p>\n","protected":false},"author":1,"featured_media":11317,"comment_status":"closed","ping_status":"closed","sticky":false,"template":"","format":"standard","meta":{"footnotes":""},"categories":[53],"tags":[],"class_list":["post-11341","post","type-post","status-publish","format-standard","has-post-thumbnail","hentry","category-noticias-generales"],"lang":"es","translations":{"es":11341,"pt":11343},"pll_sync_post":[],"post_mailing_queue_ids":[],"_links":{"self":[{"href":"http:\/\/staging.ibermusicas.org\/index.php\/wp-json\/wp\/v2\/posts\/11341","targetHints":{"allow":["GET"]}}],"collection":[{"href":"http:\/\/staging.ibermusicas.org\/index.php\/wp-json\/wp\/v2\/posts"}],"about":[{"href":"http:\/\/staging.ibermusicas.org\/index.php\/wp-json\/wp\/v2\/types\/post"}],"author":[{"embeddable":true,"href":"http:\/\/staging.ibermusicas.org\/index.php\/wp-json\/wp\/v2\/users\/1"}],"replies":[{"embeddable":true,"href":"http:\/\/staging.ibermusicas.org\/index.php\/wp-json\/wp\/v2\/comments?post=11341"}],"version-history":[{"count":1,"href":"http:\/\/staging.ibermusicas.org\/index.php\/wp-json\/wp\/v2\/posts\/11341\/revisions"}],"predecessor-version":[{"id":11342,"href":"http:\/\/staging.ibermusicas.org\/index.php\/wp-json\/wp\/v2\/posts\/11341\/revisions\/11342"}],"wp:featuredmedia":[{"embeddable":true,"href":"http:\/\/staging.ibermusicas.org\/index.php\/wp-json\/wp\/v2\/media\/11317"}],"wp:attachment":[{"href":"http:\/\/staging.ibermusicas.org\/index.php\/wp-json\/wp\/v2\/media?parent=11341"}],"wp:term":[{"taxonomy":"category","embeddable":true,"href":"http:\/\/staging.ibermusicas.org\/index.php\/wp-json\/wp\/v2\/categories?post=11341"},{"taxonomy":"post_tag","embeddable":true,"href":"http:\/\/staging.ibermusicas.org\/index.php\/wp-json\/wp\/v2\/tags?post=11341"}],"curies":[{"name":"wp","href":"https:\/\/api.w.org\/{rel}","templated":true}]}}