{"id":11345,"date":"2022-03-07T17:35:04","date_gmt":"2022-03-07T17:35:04","guid":{"rendered":"http:\/\/staging.ibermusicas.org\/?p=11345"},"modified":"2022-05-03T20:39:39","modified_gmt":"2022-05-03T20:39:39","slug":"la-agrupacion-voces-monte-marianas-del-caribe-colombiano-nos-acerca-su-apasionante-trabajo-sobre-musicas-colombianas","status":"publish","type":"post","link":"http:\/\/staging.ibermusicas.org\/index.php\/la-agrupacion-voces-monte-marianas-del-caribe-colombiano-nos-acerca-su-apasionante-trabajo-sobre-musicas-colombianas\/","title":{"rendered":"La agrupaci\u00f3n Voces Monte Marianas del Caribe Colombiano nos acerca su apasionante trabajo sobre m\u00fasicas colombianas"},"content":{"rendered":"<p>El proyecto musical Voces Monte marianas del caribe colombiano gira en torno a la recolecci\u00f3n del material musical, montaje y arreglos musicales de las piezas recopiladas y un taller y un concierto.<\/p>\n<p>Recolecci\u00f3n del material musical: Se har\u00e1 la selecci\u00f3n de los temas musicales que har\u00e1n parte del reparto de voces Montemarianas, teniendo en cuenta las m\u00fasicas tradicionales de pitos y tambores propios de los Montes de Mar\u00eda (repertorio de gaitas y de Bullerengues).<\/p>\n<p>Montajes y arreglos musicales: Una vez seleccionado el repertorio de gaitas y Bullerengues, se dispondr\u00e1 con el cuerpo de m\u00fasica de las agrupaciones, Voces del Dique, a la cabeza de la cantadora Yiseth P\u00e9rez Villamil y de la agrupaci\u00f3n de gaitas De Parranda, se unir\u00e1n para organizar los momentos del concierto y libretear el minuto a minuto.<\/p>\n<p>Concierto y taller de las voces Montemarianas: Un d\u00eda antes del concierto se har\u00e1 un taller virtual sobre las m\u00fasicas Montemarianas, su historia, su fuerza como resistencia en medio de la guerra, la vida de algunos juglares y la forma como se interpretan los aires de gaitas y bullerengue. El concierto consta de un repertorio de 12 canciones, seis aires de bullerengue y seis aires de gaita, un repertorio tradicional. El concierto tendr\u00e1 una duraci\u00f3n de una hora y ser\u00e1 virtual, dirigido especialmente a los alumnos de la Universidad Bernardo O\u2019Higgins y transmitido desde la plataforma virtual de la Corporaci\u00f3n Universitaria Americana.<\/p>\n<p>Este ejercicio intercultural ser\u00e1 protagonizado por el Grupo Voces del Dique, la vocera del grupo, Yiset Paola P\u00e9rez Villamil m\u00e1s conocida como \u201cYessi P\u00e9rez\u201d y por el Grupo de Gaitas \u201cDe Parranda\u201d conformado por amantes del folclor aut\u00f3ctono colombiano residentes en la ciudad de Cartagena desde el 2014, quienes en un arduo proceso han venido fortaleciendo, estudiando y perfeccionando las t\u00e9cnicas para la interpretaci\u00f3n adecuada de la m\u00fasica de gaitas.<\/p>\n<p>Del 1 al 10 de marzo 2022 18:00 hs.<br \/>\nSal\u00f3n Cosmos Corporaci\u00f3n Universitaria Americana<\/p>\n","protected":false},"excerpt":{"rendered":"<p>El proyecto musical Voces Monte marianas del caribe colombiano gira en torno a la recolecci\u00f3n del material musical, montaje y arreglos musicales de las piezas recopiladas y un taller y un concierto. Recolecci\u00f3n del material musical: Se har\u00e1 la selecci\u00f3n de los temas musicales que har\u00e1n parte del reparto de voces Montemarianas, teniendo en cuenta [&hellip;]<\/p>\n","protected":false},"author":1,"featured_media":11347,"comment_status":"closed","ping_status":"closed","sticky":false,"template":"","format":"standard","meta":{"footnotes":""},"categories":[53],"tags":[],"class_list":["post-11345","post","type-post","status-publish","format-standard","has-post-thumbnail","hentry","category-noticias-generales"],"lang":"es","translations":{"es":11345,"pt":11349},"pll_sync_post":[],"post_mailing_queue_ids":[],"_links":{"self":[{"href":"http:\/\/staging.ibermusicas.org\/index.php\/wp-json\/wp\/v2\/posts\/11345","targetHints":{"allow":["GET"]}}],"collection":[{"href":"http:\/\/staging.ibermusicas.org\/index.php\/wp-json\/wp\/v2\/posts"}],"about":[{"href":"http:\/\/staging.ibermusicas.org\/index.php\/wp-json\/wp\/v2\/types\/post"}],"author":[{"embeddable":true,"href":"http:\/\/staging.ibermusicas.org\/index.php\/wp-json\/wp\/v2\/users\/1"}],"replies":[{"embeddable":true,"href":"http:\/\/staging.ibermusicas.org\/index.php\/wp-json\/wp\/v2\/comments?post=11345"}],"version-history":[{"count":1,"href":"http:\/\/staging.ibermusicas.org\/index.php\/wp-json\/wp\/v2\/posts\/11345\/revisions"}],"predecessor-version":[{"id":11348,"href":"http:\/\/staging.ibermusicas.org\/index.php\/wp-json\/wp\/v2\/posts\/11345\/revisions\/11348"}],"wp:featuredmedia":[{"embeddable":true,"href":"http:\/\/staging.ibermusicas.org\/index.php\/wp-json\/wp\/v2\/media\/11347"}],"wp:attachment":[{"href":"http:\/\/staging.ibermusicas.org\/index.php\/wp-json\/wp\/v2\/media?parent=11345"}],"wp:term":[{"taxonomy":"category","embeddable":true,"href":"http:\/\/staging.ibermusicas.org\/index.php\/wp-json\/wp\/v2\/categories?post=11345"},{"taxonomy":"post_tag","embeddable":true,"href":"http:\/\/staging.ibermusicas.org\/index.php\/wp-json\/wp\/v2\/tags?post=11345"}],"curies":[{"name":"wp","href":"https:\/\/api.w.org\/{rel}","templated":true}]}}