{"id":11381,"date":"2022-03-11T17:13:56","date_gmt":"2022-03-11T17:13:56","guid":{"rendered":"http:\/\/staging.ibermusicas.org\/?p=11381"},"modified":"2022-11-24T22:40:14","modified_gmt":"2022-11-24T22:40:14","slug":"recibimos-a-espana-como-nuevo-miembro-pleno-del-programa-ibermusicas","status":"publish","type":"post","link":"http:\/\/staging.ibermusicas.org\/index.php\/recibimos-a-espana-como-nuevo-miembro-pleno-del-programa-ibermusicas\/","title":{"rendered":"Recibimos a Espa\u00f1a como nuevo miembro pleno del Programa Iberm\u00fasicas"},"content":{"rendered":"<p>Celebrando los primeros diez a\u00f1os de vida de nuestro querido Programa Iberm\u00fasicas, tenemos la enorme alegr\u00eda de anunciar a toda la comunidad musical iberoamericana el ingreso de Espa\u00f1a como nuevo miembro pleno del Programa Iberm\u00fasicas. A partir de este d\u00eda Iberm\u00fasicas est\u00e1 compuesto por quince pa\u00edses dispuestos a seguir trabajando denodadamente en pos del crecimiento, el desarrollo y la expansi\u00f3n internacional de nuestro poderoso sector musical iberoamericano.<\/p>\n<p>El arribo de Espa\u00f1a a Iberm\u00fasicas marca un nuevo hito en la vida de nuestro Programa. La cooperaci\u00f3n, la circulaci\u00f3n, el intercambio de saberes y las infinitas posibilidades que la creaci\u00f3n art\u00edstica despliega, se expanden hacia nuevos y cada vez m\u00e1s amplios horizontes. Desde hoy no s\u00f3lo somos m\u00e1s, sino que nuestros lazos de hermandad se hacen m\u00e1s fuertes y profundos.<\/p>\n<p>\u00abEspa\u00f1a est\u00e1 en todos tiempos movida por el duende, como pa\u00eds de m\u00fasica y danza milenaria, donde el duende exprime limones de madrugada (&#8230;) un aire con olor de saliva de ni\u00f1o, de hierba machacada y velo de medusa que anuncia el constante bautizo de las cosas reci\u00e9n creadas\u00bb, nos dice Federico Garc\u00eda Lorca.<\/p>\n<p>Abrazamos con enorme cari\u00f1o y gran ilusi\u00f3n a nuestras nuevas amigas y nuevos amigos de toda la comunidad musical espa\u00f1ola.<\/p>\n<p>\u00a1Bienvenidos a Iberm\u00fasicas!<\/p>\n","protected":false},"excerpt":{"rendered":"<p>Celebrando los primeros diez a\u00f1os de vida de nuestro querido Programa Iberm\u00fasicas, tenemos la enorme alegr\u00eda de anunciar a toda la comunidad musical iberoamericana el ingreso de Espa\u00f1a como nuevo miembro pleno del Programa Iberm\u00fasicas. A partir de este d\u00eda Iberm\u00fasicas est\u00e1 compuesto por quince pa\u00edses dispuestos a seguir trabajando denodadamente en pos del crecimiento, [&hellip;]<\/p>\n","protected":false},"author":1,"featured_media":11382,"comment_status":"closed","ping_status":"closed","sticky":false,"template":"","format":"standard","meta":{"footnotes":""},"categories":[53],"tags":[],"class_list":["post-11381","post","type-post","status-publish","format-standard","has-post-thumbnail","hentry","category-noticias-generales"],"lang":"es","translations":{"es":11381,"pt":11384},"pll_sync_post":[],"post_mailing_queue_ids":[],"_links":{"self":[{"href":"http:\/\/staging.ibermusicas.org\/index.php\/wp-json\/wp\/v2\/posts\/11381","targetHints":{"allow":["GET"]}}],"collection":[{"href":"http:\/\/staging.ibermusicas.org\/index.php\/wp-json\/wp\/v2\/posts"}],"about":[{"href":"http:\/\/staging.ibermusicas.org\/index.php\/wp-json\/wp\/v2\/types\/post"}],"author":[{"embeddable":true,"href":"http:\/\/staging.ibermusicas.org\/index.php\/wp-json\/wp\/v2\/users\/1"}],"replies":[{"embeddable":true,"href":"http:\/\/staging.ibermusicas.org\/index.php\/wp-json\/wp\/v2\/comments?post=11381"}],"version-history":[{"count":1,"href":"http:\/\/staging.ibermusicas.org\/index.php\/wp-json\/wp\/v2\/posts\/11381\/revisions"}],"predecessor-version":[{"id":11383,"href":"http:\/\/staging.ibermusicas.org\/index.php\/wp-json\/wp\/v2\/posts\/11381\/revisions\/11383"}],"wp:featuredmedia":[{"embeddable":true,"href":"http:\/\/staging.ibermusicas.org\/index.php\/wp-json\/wp\/v2\/media\/11382"}],"wp:attachment":[{"href":"http:\/\/staging.ibermusicas.org\/index.php\/wp-json\/wp\/v2\/media?parent=11381"}],"wp:term":[{"taxonomy":"category","embeddable":true,"href":"http:\/\/staging.ibermusicas.org\/index.php\/wp-json\/wp\/v2\/categories?post=11381"},{"taxonomy":"post_tag","embeddable":true,"href":"http:\/\/staging.ibermusicas.org\/index.php\/wp-json\/wp\/v2\/tags?post=11381"}],"curies":[{"name":"wp","href":"https:\/\/api.w.org\/{rel}","templated":true}]}}