{"id":11384,"date":"2022-03-11T17:17:27","date_gmt":"2022-03-11T17:17:27","guid":{"rendered":"http:\/\/staging.ibermusicas.org\/?p=11384"},"modified":"2022-11-24T22:42:45","modified_gmt":"2022-11-24T22:42:45","slug":"recebemos-a-espanha-como-novo-membro-pleno-do-programa-ibermusicas","status":"publish","type":"post","link":"http:\/\/staging.ibermusicas.org\/index.php\/recebemos-a-espanha-como-novo-membro-pleno-do-programa-ibermusicas\/","title":{"rendered":"Recebemos a Espanha como novo membro pleno do Programa Iberm\u00fasicas"},"content":{"rendered":"<p>Celebrando os primeiros dez anos de vida do nosso querido Programa Iberm\u00fasicas, temos a enorme alegria de anunciar a toda a comunidade musical ibero-americana a entrada da Espanha como novo membro pleno do Programa Iberm\u00fasicas. A partir deste dia a Iberm\u00fasicas est\u00e1 composta por quinze pa\u00edses dispostos a continuar a trabalhar arduamente em prol do crescimento, do desenvolvimento e da expans\u00e3o internacional do nosso poderoso sector musical ibero-americano.<\/p>\n<p>A chegada da Espanha \u00e0 Iberm\u00fasicas estabelece um novo marco na vida do nosso Programa. A coopera\u00e7\u00e3o, a circula\u00e7\u00e3o, o interc\u00e2mbio de saberes e as infinitas possibilidades que a cria\u00e7\u00e3o art\u00edstica desdobra, expandem-se para novos e cada vez mais amplos horizontes. A partir de hoje, n\u00e3o somos apenas mais, mas os nossos la\u00e7os de irmandade tornam-se mais fortes e profundos.<\/p>\n<p>\u00abEspanha est\u00e1 em todos os tempos movida pelo duende, como pa\u00eds de m\u00fasica e dan\u00e7a milenar, onde o duende espreme lim\u00f5es de madrugada (&#8230;) um ar com cheiro de saliva de crian\u00e7a, de grama esmagada e v\u00e9u de medusa que anuncia o constante batismo das coisas rec\u00e9m criadas\u00bb, no diz Federico Garc\u00eda Lorca.<\/p>\n<p>Abra\u00e7amos com enorme carinho e grande ilus\u00e3o as nossas novas amigas e novos amigos de toda a comunidade musical espanhola.<\/p>\n<p>Bienvenidos a Iberm\u00fasicas!<\/p>\n","protected":false},"excerpt":{"rendered":"<p>Celebrando os primeiros dez anos de vida do nosso querido Programa Iberm\u00fasicas, temos a enorme alegria de anunciar a toda a comunidade musical ibero-americana a entrada da Espanha como novo membro pleno do Programa Iberm\u00fasicas. A partir deste dia a Iberm\u00fasicas est\u00e1 composta por quinze pa\u00edses dispostos a continuar a trabalhar arduamente em prol do [&hellip;]<\/p>\n","protected":false},"author":1,"featured_media":11382,"comment_status":"closed","ping_status":"closed","sticky":false,"template":"","format":"standard","meta":{"footnotes":""},"categories":[218],"tags":[],"class_list":["post-11384","post","type-post","status-publish","format-standard","has-post-thumbnail","hentry","category-noticias-generales-pt"],"lang":"pt","translations":{"pt":11384,"es":11381},"pll_sync_post":[],"post_mailing_queue_ids":[],"_links":{"self":[{"href":"http:\/\/staging.ibermusicas.org\/index.php\/wp-json\/wp\/v2\/posts\/11384","targetHints":{"allow":["GET"]}}],"collection":[{"href":"http:\/\/staging.ibermusicas.org\/index.php\/wp-json\/wp\/v2\/posts"}],"about":[{"href":"http:\/\/staging.ibermusicas.org\/index.php\/wp-json\/wp\/v2\/types\/post"}],"author":[{"embeddable":true,"href":"http:\/\/staging.ibermusicas.org\/index.php\/wp-json\/wp\/v2\/users\/1"}],"replies":[{"embeddable":true,"href":"http:\/\/staging.ibermusicas.org\/index.php\/wp-json\/wp\/v2\/comments?post=11384"}],"version-history":[{"count":1,"href":"http:\/\/staging.ibermusicas.org\/index.php\/wp-json\/wp\/v2\/posts\/11384\/revisions"}],"predecessor-version":[{"id":11385,"href":"http:\/\/staging.ibermusicas.org\/index.php\/wp-json\/wp\/v2\/posts\/11384\/revisions\/11385"}],"wp:featuredmedia":[{"embeddable":true,"href":"http:\/\/staging.ibermusicas.org\/index.php\/wp-json\/wp\/v2\/media\/11382"}],"wp:attachment":[{"href":"http:\/\/staging.ibermusicas.org\/index.php\/wp-json\/wp\/v2\/media?parent=11384"}],"wp:term":[{"taxonomy":"category","embeddable":true,"href":"http:\/\/staging.ibermusicas.org\/index.php\/wp-json\/wp\/v2\/categories?post=11384"},{"taxonomy":"post_tag","embeddable":true,"href":"http:\/\/staging.ibermusicas.org\/index.php\/wp-json\/wp\/v2\/tags?post=11384"}],"curies":[{"name":"wp","href":"https:\/\/api.w.org\/{rel}","templated":true}]}}