{"id":11409,"date":"2022-03-16T19:31:14","date_gmt":"2022-03-16T19:31:14","guid":{"rendered":"http:\/\/staging.ibermusicas.org\/?p=11409"},"modified":"2022-04-01T18:44:21","modified_gmt":"2022-04-01T18:44:21","slug":"a-agrupacao-brasileira-a-banda-mais-bonita-da-cidade-estreara-um-concerto-virtual-especial-para-chile","status":"publish","type":"post","link":"http:\/\/staging.ibermusicas.org\/index.php\/a-agrupacao-brasileira-a-banda-mais-bonita-da-cidade-estreara-um-concerto-virtual-especial-para-chile\/","title":{"rendered":"A agrupa\u00e7\u00e3o brasileira A Banda Mais Bonita da Cidade estrear\u00e1 um concerto virtual especial para Chile"},"content":{"rendered":"<p>A Banda Mais Bonita da Cidade estrear\u00e1 no Chile de maneira virtual atrav\u00e9s de um show, que \u00e9 parte de um programa criado na pandemia intitulado Super Live, que ser\u00e1 transmitido na plataforma do Centro Cultural Matucana 100, reconhecido espa\u00e7o cultural localizado na capital do pa\u00eds. A banda contar\u00e1 com duas participa\u00e7\u00f5es chilenas na transmiss\u00e3o, Lite Ruiz e Alena Arce. Ap\u00f3s a transmiss\u00e3o do show, o p\u00fablico poder\u00e1 se inscrever gratuitamente para participar de uma bate-papo com as e os artistas. O projeto \u00e9 realizado inteiramente \u00e0 dist\u00e2ncia, conectando 3 pa\u00edses, Chile, Brasil e M\u00e9xico (onde vai ser feita a produ\u00e7\u00e3o).<\/p>\n<p>A Banda Mais Bonita da Cidade \u00e9 uma banda de jovens artistas do sul do Brasil que fala de amor, alegria e quest\u00f5es das rela\u00e7\u00f5es sociais. A maior parte do repert\u00f3rio apresentado \u00e9 autoral dentro de um estilo indie-pop. A Banda Mais Bonita da Cidade se tornou conhecida nacionalmente, logo alcan\u00e7ando reconhecimento internacional, com o lan\u00e7amento da m\u00fasica e clipe \u201cOra\u00e7\u00e3o\u201d, a qual tem milh\u00f5es de visualiza\u00e7\u00f5es em suas plataformas.<\/p>\n<p>Sexta feira 19 de mar\u00e7o 20:00 (hora Chile)<br \/>\n<a href=\"https:\/\/lt.mydplr.com\/b4243c396e3a9d41eb8bfeb4dac16baa-81868bec073b3970fa62af291f12b42d\" target=\"_blank\" rel=\"noopener\" data-saferedirecturl=\"https:\/\/www.google.com\/url?q=https:\/\/lt.mydplr.com\/b4243c396e3a9d41eb8bfeb4dac16baa-81868bec073b3970fa62af291f12b42d&amp;source=gmail&amp;ust=1647544588097000&amp;usg=AOvVaw1DEORSlp8HHrnKLRN8UFnM\">facebook.com<\/a><br \/>\n<a href=\"https:\/\/lt.mydplr.com\/4df43a3ebef0b5cf323902836d0fd12f-81868bec073b3970fa62af291f12b42d\" target=\"_blank\" rel=\"noopener\" data-saferedirecturl=\"https:\/\/www.google.com\/url?q=https:\/\/lt.mydplr.com\/4df43a3ebef0b5cf323902836d0fd12f-81868bec073b3970fa62af291f12b42d&amp;source=gmail&amp;ust=1647544588097000&amp;usg=AOvVaw1eclyv0AywmIRHQME3jflE\">instagram.com<\/a><\/p>\n","protected":false},"excerpt":{"rendered":"<p>A Banda Mais Bonita da Cidade estrear\u00e1 no Chile de maneira virtual atrav\u00e9s de um show, que \u00e9 parte de um programa criado na pandemia intitulado Super Live, que ser\u00e1 transmitido na plataforma do Centro Cultural Matucana 100, reconhecido espa\u00e7o cultural localizado na capital do pa\u00eds. A banda contar\u00e1 com duas participa\u00e7\u00f5es chilenas na transmiss\u00e3o, [&hellip;]<\/p>\n","protected":false},"author":1,"featured_media":11407,"comment_status":"closed","ping_status":"closed","sticky":false,"template":"","format":"standard","meta":{"footnotes":""},"categories":[218],"tags":[],"class_list":["post-11409","post","type-post","status-publish","format-standard","has-post-thumbnail","hentry","category-noticias-generales-pt"],"lang":"pt","translations":{"pt":11409,"es":11406},"pll_sync_post":[],"post_mailing_queue_ids":[],"_links":{"self":[{"href":"http:\/\/staging.ibermusicas.org\/index.php\/wp-json\/wp\/v2\/posts\/11409","targetHints":{"allow":["GET"]}}],"collection":[{"href":"http:\/\/staging.ibermusicas.org\/index.php\/wp-json\/wp\/v2\/posts"}],"about":[{"href":"http:\/\/staging.ibermusicas.org\/index.php\/wp-json\/wp\/v2\/types\/post"}],"author":[{"embeddable":true,"href":"http:\/\/staging.ibermusicas.org\/index.php\/wp-json\/wp\/v2\/users\/1"}],"replies":[{"embeddable":true,"href":"http:\/\/staging.ibermusicas.org\/index.php\/wp-json\/wp\/v2\/comments?post=11409"}],"version-history":[{"count":1,"href":"http:\/\/staging.ibermusicas.org\/index.php\/wp-json\/wp\/v2\/posts\/11409\/revisions"}],"predecessor-version":[{"id":11410,"href":"http:\/\/staging.ibermusicas.org\/index.php\/wp-json\/wp\/v2\/posts\/11409\/revisions\/11410"}],"wp:featuredmedia":[{"embeddable":true,"href":"http:\/\/staging.ibermusicas.org\/index.php\/wp-json\/wp\/v2\/media\/11407"}],"wp:attachment":[{"href":"http:\/\/staging.ibermusicas.org\/index.php\/wp-json\/wp\/v2\/media?parent=11409"}],"wp:term":[{"taxonomy":"category","embeddable":true,"href":"http:\/\/staging.ibermusicas.org\/index.php\/wp-json\/wp\/v2\/categories?post=11409"},{"taxonomy":"post_tag","embeddable":true,"href":"http:\/\/staging.ibermusicas.org\/index.php\/wp-json\/wp\/v2\/tags?post=11409"}],"curies":[{"name":"wp","href":"https:\/\/api.w.org\/{rel}","templated":true}]}}