{"id":11411,"date":"2022-03-16T19:33:15","date_gmt":"2022-03-16T19:33:15","guid":{"rendered":"http:\/\/staging.ibermusicas.org\/?p=11411"},"modified":"2022-04-01T18:41:37","modified_gmt":"2022-04-01T18:41:37","slug":"la-cantora-peruana-luz-maria-carriquiry-emprende-una-gira-por-diversos-escenarios-de-la-argentina","status":"publish","type":"post","link":"http:\/\/staging.ibermusicas.org\/index.php\/la-cantora-peruana-luz-maria-carriquiry-emprende-una-gira-por-diversos-escenarios-de-la-argentina\/","title":{"rendered":"La cantora peruana Luz Mar\u00eda Carriquiry emprende una gira por diversos escenarios de la Argentina"},"content":{"rendered":"<p>La cantora peruana Luz Mar\u00eda Carriquiry llega a Argentina para realizar una gira por varias ciudades del pa\u00eds junto al reconocido guitarrista y productor Ernesto Hermoza, presentando sus discos Chabuca Viva, Darte Luz y su propuesta como cantautora, Florecer.<\/p>\n<p>Luz Mar\u00eda Carriquiry cuenta con una trayectoria de 22 a\u00f1os de carrera art\u00edstica. Ha llevado su canto por 27 pa\u00edses de Am\u00e9rica y Europa, participando en distintos festivales y compartiendo escenario con artistas consagrados de latinoam\u00e9rica y Espa\u00f1a. Despu\u00e9s de 15 a\u00f1os junto a la agrupaci\u00f3n latinoamericana Sin L\u00edneas en el Mapa, con quienes tiene 3 discos editados, emprende su carrera en solitario y empieza a trabajar junto al guitarrista y productor Ernesto Hermoza. Sus discos como solista son Darte Luz (2017) y Chabuca Viva (2020) recientemente lanzado por los 100 a\u00f1os del nacimiento de Chabuca Granda. En el 2020 inicia su etapa como cantautora, presentando su propuesta \u201cFlorecer\u201d lanzando su primer single, bajo el mismo nombre, con la participaci\u00f3n de las cantautoras Marta G\u00f3mez de Colombia y Katia Cardenal de Nicaragua. En Noviembre del 2021 lanza \u201cMujer Esperanza\u201d con la participaci\u00f3n de grandes artistas, cantautoras e instrumentistas de M\u00e9xico, Chile, Argentina, Cuba y Per\u00fa como las cantautoras Elizabeth Morris de Chile y Liuba Maria Hevia de Cuba.<\/p>\n<p>Ernesto Hermoza, es m\u00fasico y compositor autodidacta que desde 1991 viene desarrollando un toque \u00fanico de mestizaje entre los g\u00e9neros criollo, flamenco y jazz. Ha musicalizado diversas obras teatrales y grabado con: Joaqu\u00edn Sabina, Susana Baca, Jorge Drexler, Eva Ayllon, Pedro Suarez Vertiz, Micky Gonzales, Jean Pierre Magnet, Lucho Quequezana, y otros, obteniendo 4 nominaciones al Grammy latino y 1 disco de oro. Ha representado a Per\u00fa en Festivales de Guitarra por el Mundo, compartiendo con m\u00fasicos de talla mundial como: Quincy Jones, Ralph Twoner, Frank Bungarten, Marco Pereira, El Cigala, etc. Ha publicado 5 discos: \u201cVivencias\u201d, \u201cEntre dos mares\u201d, \u201cHerencia Flamenca\u201d, \u201cPuerta del Sol\u201d, \u201cCon garbo y picard\u00eda\u201d y \u00abQu\u00e9 Lisura\u00bb, ambos grabados junto a Mar\u00eda Elena Pacheco. Compuso e interpret\u00f3 la 1ra obra sinf\u00f3nica flamenca hecha en el Per\u00fa para guitarra, danza y orquesta. En el 2018 obtuvo una nominaci\u00f3n al Grammy Latino a mejor grabaci\u00f3n por el tema El Surco, del disco \u201cA Chabuca\u201d junto a Jorge Drexler. Desde el 2009 acompa\u00f1a en la guitarra a Susana Baca.<\/p>\n<p>\u25cf 25 de marzo, Centro Cultural Graciela Carena, Ciudad de C\u00f3rdoba<br \/>\n\u25cf 26 de marzo, El Recodo del Sol, Unquillo, Provincia de C\u00f3rdoba<br \/>\n\u25cf 17 y 28 de marzo, Casa de los Gobernadores, Ciudad de Santa Fe<br \/>\n\u25cf 31 de marzo y 1ero de abril, La Nave Universitaria, Provincia de Mendoza<br \/>\n\u25cf 2 de abril, Primera Estrella, Provincia de San Juan<br \/>\n\u25cf 4 de abril, Kanika Espacio y Arte, Bah\u00eda Blanca, Provincia de Buenos Aires<br \/>\n\u25cf 6 de abril, Teatro El Destino, R\u00edo Colorado, Provincia de R\u00edo Negro<br \/>\n\u25cf 8 de abril, Hasta Trilce, Ciudad Aut\u00f3noma de Buenos Aires<br \/>\n\u25cf 9 de abril, Museo de la Trova, Caseros, Provincia de Buenos Aires<\/p>\n","protected":false},"excerpt":{"rendered":"<p>La cantora peruana Luz Mar\u00eda Carriquiry llega a Argentina para realizar una gira por varias ciudades del pa\u00eds junto al reconocido guitarrista y productor Ernesto Hermoza, presentando sus discos Chabuca Viva, Darte Luz y su propuesta como cantautora, Florecer. Luz Mar\u00eda Carriquiry cuenta con una trayectoria de 22 a\u00f1os de carrera art\u00edstica. Ha llevado su [&hellip;]<\/p>\n","protected":false},"author":1,"featured_media":11412,"comment_status":"closed","ping_status":"closed","sticky":false,"template":"","format":"standard","meta":{"footnotes":""},"categories":[53],"tags":[],"class_list":["post-11411","post","type-post","status-publish","format-standard","has-post-thumbnail","hentry","category-noticias-generales"],"lang":"es","translations":{"es":11411,"pt":11414},"pll_sync_post":[],"post_mailing_queue_ids":[],"_links":{"self":[{"href":"http:\/\/staging.ibermusicas.org\/index.php\/wp-json\/wp\/v2\/posts\/11411","targetHints":{"allow":["GET"]}}],"collection":[{"href":"http:\/\/staging.ibermusicas.org\/index.php\/wp-json\/wp\/v2\/posts"}],"about":[{"href":"http:\/\/staging.ibermusicas.org\/index.php\/wp-json\/wp\/v2\/types\/post"}],"author":[{"embeddable":true,"href":"http:\/\/staging.ibermusicas.org\/index.php\/wp-json\/wp\/v2\/users\/1"}],"replies":[{"embeddable":true,"href":"http:\/\/staging.ibermusicas.org\/index.php\/wp-json\/wp\/v2\/comments?post=11411"}],"version-history":[{"count":1,"href":"http:\/\/staging.ibermusicas.org\/index.php\/wp-json\/wp\/v2\/posts\/11411\/revisions"}],"predecessor-version":[{"id":11413,"href":"http:\/\/staging.ibermusicas.org\/index.php\/wp-json\/wp\/v2\/posts\/11411\/revisions\/11413"}],"wp:featuredmedia":[{"embeddable":true,"href":"http:\/\/staging.ibermusicas.org\/index.php\/wp-json\/wp\/v2\/media\/11412"}],"wp:attachment":[{"href":"http:\/\/staging.ibermusicas.org\/index.php\/wp-json\/wp\/v2\/media?parent=11411"}],"wp:term":[{"taxonomy":"category","embeddable":true,"href":"http:\/\/staging.ibermusicas.org\/index.php\/wp-json\/wp\/v2\/categories?post=11411"},{"taxonomy":"post_tag","embeddable":true,"href":"http:\/\/staging.ibermusicas.org\/index.php\/wp-json\/wp\/v2\/tags?post=11411"}],"curies":[{"name":"wp","href":"https:\/\/api.w.org\/{rel}","templated":true}]}}