{"id":11419,"date":"2022-03-16T19:40:47","date_gmt":"2022-03-16T19:40:47","guid":{"rendered":"http:\/\/staging.ibermusicas.org\/?p=11419"},"modified":"2022-04-01T18:44:07","modified_gmt":"2022-04-01T18:44:07","slug":"o-conjunto-nancy-de-uruguai-estreia-a-obra-queimar-os-navios-do-compositor-argentino-gonzalo-marhuenda","status":"publish","type":"post","link":"http:\/\/staging.ibermusicas.org\/index.php\/o-conjunto-nancy-de-uruguai-estreia-a-obra-queimar-os-navios-do-compositor-argentino-gonzalo-marhuenda\/","title":{"rendered":"O conjunto Nancy de Uruguai estreia a obra \u00abQueimar os navios\u00bb do compositor argentino Gonzalo Marhuenda"},"content":{"rendered":"<p>\u00abQueimar as naves\u00bb \u00e9 uma m\u00fasica feita de diferentes gestualidades que v\u00e3o se desenvolvendo interativamente. Uma estrutura cuidadosamente desenhada (disposi\u00e7\u00e3o de elementos, rela\u00e7\u00f5es, processos) sustenta uma temporalidade deixada \u00e0 escuta dos int\u00e9rpretes: s\u00e3o estes &#8211; na rela\u00e7\u00e3o sempre atual com seus instrumentos e os sons solicitados, com a estrutura musical e com os outros int\u00e9rpretes &#8211; que decidem a cada passo os ritmos, as dura\u00e7\u00f5es, as velocidades, os graus de mudan\u00e7a. O devenir da obra \u00e9 um percurso poss\u00edvel desde uma situa\u00e7\u00e3o ordenada e r\u00edgida at\u00e9 outra ca\u00f3tica e libertada \u00e0 intera\u00e7\u00e3o pura, passando por diferentes est\u00e1dios intermedi\u00e1rios. A superf\u00edcie musical \u00e9 articulada por v\u00e1rias desculpas. A principal: \u00e0 medida que a obra avan\u00e7a, as duas guitarras v\u00e3o desafinando pouco a pouco todas suas cordas at\u00e9 o limite do aud\u00edvel, o que permite o acesso a novas possibilidades sonoras abandonando as condi\u00e7\u00f5es pr\u00e9vias; o retorno \u00e9 materialmente imposs\u00edvel. Trata-se de decis\u00f5es que determinam trajet\u00f3rias irrevers\u00edveis. A obra exige uma escuta ativa e permanente, e uma execu\u00e7\u00e3o solid\u00e1ria com o contexto; foi concebida especialmente para Nancy, grupo dedicado \u00e0 improvisa\u00e7\u00e3o livre.<\/p>\n<p>Gonzalo Marhuenda, compositor da cidade de C\u00f3rdoba, Argentina. \u00c9 egresante da Licenciatura em Composi\u00e7\u00e3o Musical da Faculdade de Artes da UNC, onde se formou com Juan Carlos Tolosa, Ana Gabriela Yaya, Gonzalo Biffarella, Franco Pellini e Jos\u00e9 Halac, entre outros. Trabalhou junto a int\u00e9rpretes e grupos como Eduardo Spinelli, MEI flautas, Ensamble GEAM, o Coro Municipal de C\u00f3rdoba e a Orquestra Sinf\u00f4nica da UNC. Em 2021 recebeu o Pr\u00eamio Iberm\u00fasicas de Composi\u00e7\u00e3o e Estr\u00e9ia de Obra por \u00abQueimar as naves\u00bb, em 2020 o primeiro pr\u00eamio do Concurso Federal de Composi\u00e7\u00e3o por \u00abO Desejo como Processo\u00bb, e em 2019 o terceiro pr\u00eamio do Concurso de Composi\u00e7\u00e3o de Miniaturas para Flautas por \u00abDi\u00e1logo de castelos de cartas\u00bb. \u00c9 coordenador de Lontano, coletivo de cria\u00e7\u00e3o musical. Al\u00e9m disso, \u00e9 arranjador da Orquestra Ocasional de Rock Sinf\u00f4nico e guitarrista da banda Asterion.<\/p>\n<p>Nancy \u00e9 formada inicialmente como uma dupla de guitarras el\u00e9tricas em 2008 e atualmente funciona como um trio com a incorpora\u00e7\u00e3o de um clarinete baixo. Sua m\u00fasica se caracteriza por ser improvisa\u00e7\u00f5es ruid\u00edsticas instrumentais. A mistura do som el\u00e9trico dos acoplamentos e a fric\u00e7\u00e3o percutida das guitarras sobre diversas mat\u00e9rias com o som ac\u00fastico do clarinete. N\u00e3o se fixam premissas. De antem\u00e3o j\u00e1 est\u00e1 acordado tacitamente o que n\u00e3o vai acontecer em cada sess\u00e3o, n\u00e3o haver\u00e1 can\u00e7\u00e3o, n\u00e3o se repetir\u00e3o melodias, n\u00e3o soar\u00e1 nenhum acorde crom\u00e1tico, n\u00e3o se sabe quando vai terminar cada momento da sess\u00e3o, a intensidade ocorre de imprevisto e quanto dura esta depende de como se v\u00e1 manifestando a mesma. As sess\u00f5es assemelham-se de alguma forma a um rito, a uma dan\u00e7a ou a um exorcismo.<\/p>\n<p>\u25cf Quinta-feira 17 de mar\u00e7o, 21:00 hs. em Casa Camale\u00f3n &#8211; Irm\u00e3o Damasceno 1964, Montevideo, Uruguai<\/p>\n","protected":false},"excerpt":{"rendered":"<p>\u00abQueimar as naves\u00bb \u00e9 uma m\u00fasica feita de diferentes gestualidades que v\u00e3o se desenvolvendo interativamente. Uma estrutura cuidadosamente desenhada (disposi\u00e7\u00e3o de elementos, rela\u00e7\u00f5es, processos) sustenta uma temporalidade deixada \u00e0 escuta dos int\u00e9rpretes: s\u00e3o estes &#8211; na rela\u00e7\u00e3o sempre atual com seus instrumentos e os sons solicitados, com a estrutura musical e com os outros int\u00e9rpretes [&hellip;]<\/p>\n","protected":false},"author":1,"featured_media":11417,"comment_status":"closed","ping_status":"closed","sticky":false,"template":"","format":"standard","meta":{"footnotes":""},"categories":[218],"tags":[],"class_list":["post-11419","post","type-post","status-publish","format-standard","has-post-thumbnail","hentry","category-noticias-generales-pt"],"lang":"pt","translations":{"pt":11419,"es":11416},"pll_sync_post":[],"post_mailing_queue_ids":[],"_links":{"self":[{"href":"http:\/\/staging.ibermusicas.org\/index.php\/wp-json\/wp\/v2\/posts\/11419","targetHints":{"allow":["GET"]}}],"collection":[{"href":"http:\/\/staging.ibermusicas.org\/index.php\/wp-json\/wp\/v2\/posts"}],"about":[{"href":"http:\/\/staging.ibermusicas.org\/index.php\/wp-json\/wp\/v2\/types\/post"}],"author":[{"embeddable":true,"href":"http:\/\/staging.ibermusicas.org\/index.php\/wp-json\/wp\/v2\/users\/1"}],"replies":[{"embeddable":true,"href":"http:\/\/staging.ibermusicas.org\/index.php\/wp-json\/wp\/v2\/comments?post=11419"}],"version-history":[{"count":1,"href":"http:\/\/staging.ibermusicas.org\/index.php\/wp-json\/wp\/v2\/posts\/11419\/revisions"}],"predecessor-version":[{"id":11420,"href":"http:\/\/staging.ibermusicas.org\/index.php\/wp-json\/wp\/v2\/posts\/11419\/revisions\/11420"}],"wp:featuredmedia":[{"embeddable":true,"href":"http:\/\/staging.ibermusicas.org\/index.php\/wp-json\/wp\/v2\/media\/11417"}],"wp:attachment":[{"href":"http:\/\/staging.ibermusicas.org\/index.php\/wp-json\/wp\/v2\/media?parent=11419"}],"wp:term":[{"taxonomy":"category","embeddable":true,"href":"http:\/\/staging.ibermusicas.org\/index.php\/wp-json\/wp\/v2\/categories?post=11419"},{"taxonomy":"post_tag","embeddable":true,"href":"http:\/\/staging.ibermusicas.org\/index.php\/wp-json\/wp\/v2\/tags?post=11419"}],"curies":[{"name":"wp","href":"https:\/\/api.w.org\/{rel}","templated":true}]}}