{"id":11421,"date":"2022-03-16T19:44:01","date_gmt":"2022-03-16T19:44:01","guid":{"rendered":"http:\/\/staging.ibermusicas.org\/?p=11421"},"modified":"2022-04-01T18:41:09","modified_gmt":"2022-04-01T18:41:09","slug":"la-red-cumbiera-comienza-con-su-ciclo-de-shows-y-talleres","status":"publish","type":"post","link":"http:\/\/staging.ibermusicas.org\/index.php\/la-red-cumbiera-comienza-con-su-ciclo-de-shows-y-talleres\/","title":{"rendered":"La red cumbiera comienza con su ciclo de shows y talleres"},"content":{"rendered":"<p>La red cumbiera es un puente que re\u00fane m\u00fasicos de Colombia, Chile y Argentina para intercambiar experiencias e informaci\u00f3n en torno a la escena cumbiera contempor\u00e1nea que se vive en cada pa\u00eds. La red aborda el fen\u00f3meno de la cumbia en los tres pa\u00edses, por medio de encuentros y talleres virtuales, generando contenido con invitadas e invitados especiales: m\u00fasicas, m\u00fasicos y agentes culturales que ampl\u00edan el panorama de la escena cumbiera.<\/p>\n<p>Por medio de la Red Cumbiera conoceremos sobre la escena musical actual de cada pa\u00eds participante, acerc\u00e1ndonos de primera mano a proyectos independientes y vivenciando la perspectiva que cada uno de los artistas de la regi\u00f3n tiene en torno a la escena musical cumbiera en su territorio.<\/p>\n<p>En cada uno de los talleres se abordar\u00e1n de forma pr\u00e1ctica, temas relacionados con los modos de interpretaci\u00f3n, arreglos y matrices r\u00edtmicas en torno a la Cumbia.<\/p>\n<p>\u25cf S\u00e1bado 19 de marzo 16 hs. (Argentina y Chile), 14 hs. (Colombia). Matrices R\u00edtmicas de la cumbia tradicional colombiana a cargo de Gina de la Hoz<br \/>\n\u25cf S\u00e1bado 26 de marzo 16 hs. (Argentina y Chile), 14 hs. (Colombia). Arreglos y orquestaci\u00f3n de los diversos estilos cumbieros a cargo de Mat\u00edas Jalil<\/p>\n","protected":false},"excerpt":{"rendered":"<p>La red cumbiera es un puente que re\u00fane m\u00fasicos de Colombia, Chile y Argentina para intercambiar experiencias e informaci\u00f3n en torno a la escena cumbiera contempor\u00e1nea que se vive en cada pa\u00eds. La red aborda el fen\u00f3meno de la cumbia en los tres pa\u00edses, por medio de encuentros y talleres virtuales, generando contenido con invitadas [&hellip;]<\/p>\n","protected":false},"author":1,"featured_media":11422,"comment_status":"closed","ping_status":"closed","sticky":false,"template":"","format":"standard","meta":{"footnotes":""},"categories":[53],"tags":[],"class_list":["post-11421","post","type-post","status-publish","format-standard","has-post-thumbnail","hentry","category-noticias-generales"],"lang":"es","translations":{"es":11421,"pt":11424},"pll_sync_post":[],"post_mailing_queue_ids":[],"_links":{"self":[{"href":"http:\/\/staging.ibermusicas.org\/index.php\/wp-json\/wp\/v2\/posts\/11421","targetHints":{"allow":["GET"]}}],"collection":[{"href":"http:\/\/staging.ibermusicas.org\/index.php\/wp-json\/wp\/v2\/posts"}],"about":[{"href":"http:\/\/staging.ibermusicas.org\/index.php\/wp-json\/wp\/v2\/types\/post"}],"author":[{"embeddable":true,"href":"http:\/\/staging.ibermusicas.org\/index.php\/wp-json\/wp\/v2\/users\/1"}],"replies":[{"embeddable":true,"href":"http:\/\/staging.ibermusicas.org\/index.php\/wp-json\/wp\/v2\/comments?post=11421"}],"version-history":[{"count":1,"href":"http:\/\/staging.ibermusicas.org\/index.php\/wp-json\/wp\/v2\/posts\/11421\/revisions"}],"predecessor-version":[{"id":11423,"href":"http:\/\/staging.ibermusicas.org\/index.php\/wp-json\/wp\/v2\/posts\/11421\/revisions\/11423"}],"wp:featuredmedia":[{"embeddable":true,"href":"http:\/\/staging.ibermusicas.org\/index.php\/wp-json\/wp\/v2\/media\/11422"}],"wp:attachment":[{"href":"http:\/\/staging.ibermusicas.org\/index.php\/wp-json\/wp\/v2\/media?parent=11421"}],"wp:term":[{"taxonomy":"category","embeddable":true,"href":"http:\/\/staging.ibermusicas.org\/index.php\/wp-json\/wp\/v2\/categories?post=11421"},{"taxonomy":"post_tag","embeddable":true,"href":"http:\/\/staging.ibermusicas.org\/index.php\/wp-json\/wp\/v2\/tags?post=11421"}],"curies":[{"name":"wp","href":"https:\/\/api.w.org\/{rel}","templated":true}]}}