{"id":11426,"date":"2022-03-17T11:44:12","date_gmt":"2022-03-17T11:44:12","guid":{"rendered":"http:\/\/staging.ibermusicas.org\/?p=11426"},"modified":"2022-04-01T18:41:03","modified_gmt":"2022-04-01T18:41:03","slug":"el-ensamble-eco-de-costa-rica-recibe-al-compositor-argentino-gustavo-de-leonardis-quien-compondra-tres-obras-especialmente-para-el-ensamble","status":"publish","type":"post","link":"http:\/\/staging.ibermusicas.org\/index.php\/el-ensamble-eco-de-costa-rica-recibe-al-compositor-argentino-gustavo-de-leonardis-quien-compondra-tres-obras-especialmente-para-el-ensamble\/","title":{"rendered":"El Ensamble ECO de Costa Rica recibe al compositor argentino Gustavo De Leonardis quien compondr\u00e1 tres obras especialmente para el Ensamble"},"content":{"rendered":"<p>Ensamble ECO es una agrupaci\u00f3n de m\u00fasica contempor\u00e1nea de c\u00e1mara con sede en Costa Rica. Tienen por misi\u00f3n proyectar la interpretaci\u00f3n de m\u00fasica contempor\u00e1nea de c\u00e1mara latinoamericana a nivel universal. El Ensamble ECO se fund\u00f3 en el a\u00f1o 2018 con el fin de presentar programas innovadores, explorar nuevos sonidos, comisionar nuevas obras y crear conciencia sobre el arte contempor\u00e1neo en Latinoam\u00e9rica; todo esto con el fin de desarrollar un ambiente que permita el enriquecimiento del arte en todos los sectores de la sociedad..<br \/>\n.<br \/>\nLa residencia compositiva que realizar\u00e1 Gustavo De Leonardis consistir\u00e1 en la composici\u00f3n de tres nuevas obras escritas especialmente para el Ensamble Eco sumando el trabajo en equipo entre int\u00e9rpretes y compositor en la Ciudad de San Jos\u00e9 para montar y estrenar las tres obras en concierto el d\u00eda 20 de marzo en el teatro Eugene O`Neill. El programa ser\u00e1 completado con el estreno de otra obra de De Leonardis compuesta en el a\u00f1o 2016, para tr\u00edo de viol\u00edn, violonchelo y piano. Finalmente las obras ser\u00e1n grabadas en estudio y editadas por el ensamble. El nexo de uni\u00f3n y punto de partida entre ensamble y compositor es la afinidad y b\u00fasqueda est\u00e9tica com\u00fan en el desarrollo y producci\u00f3n de obras enmarcadas en las denominadas m\u00fasicas repetitivas y en el minimalismo desde una perspectiva latinoamericana. Tanto el ensamble como el compositor tienen vasta experiencia en la producci\u00f3n de estas m\u00fasicas y es desde esas trayectorias desde d\u00f3nde el proyecto de edifica. La actividad se completa con varias conferencias del compositor destinadas a estudiantes de composici\u00f3n en la Universidad de Costa Rica..<br \/>\n.<br \/>\nGustavo De Leonardis naci\u00f3 en Mar del Plata, Provincia de Buenos Aires en 1977. Es compositor, pianista y docente. Licenciado en Artes Musicales (Composici\u00f3n) por la Universidad Nacional de las Artes (UNA). Fue alumno de Fernando Maglia, Carmen Baliero y Santiago Santero. Dos veces ganador (2018 y 2019) de la convocatoria anual para Residencias en el Exterior de Iberm\u00fasicas y ganador de la Beca a la Creaci\u00f3n Individual del Fondo Nacional de las Artes (2021). Adem\u00e1s de compositor, es curador de conciertos de m\u00fasica experimental y contempor\u00e1nea y trabaja en colaboraci\u00f3n con otros artistas y compositores como Daniel Melero. Es docente en la UNA en dos de sus unidades acad\u00e9micas (Artes Musicales y Artes Multimediales). Sus composiciones se sit\u00faan en el cruce de la m\u00fasica acad\u00e9mica, la m\u00fasica experimental y el rock..<br \/>\n.<br \/>\n\u25cf Mi\u00e9rcoles 16 de marzo, conferencia organizada para los estudiantes de Carlos Castro y compositores interesados en participar. .<br \/>\n\u25cf Mi\u00e9rcoles 13 de abril, conferencia virtual por ZOOM..<br \/>\n\u25cf Domingo 20 de marzo, 15:00 hs. Concierto en el Teatro Eugene O\u2019Neil.<\/p>\n","protected":false},"excerpt":{"rendered":"<p>Ensamble ECO es una agrupaci\u00f3n de m\u00fasica contempor\u00e1nea de c\u00e1mara con sede en Costa Rica. Tienen por misi\u00f3n proyectar la interpretaci\u00f3n de m\u00fasica contempor\u00e1nea de c\u00e1mara latinoamericana a nivel universal. El Ensamble ECO se fund\u00f3 en el a\u00f1o 2018 con el fin de presentar programas innovadores, explorar nuevos sonidos, comisionar nuevas obras y crear conciencia [&hellip;]<\/p>\n","protected":false},"author":1,"featured_media":11427,"comment_status":"closed","ping_status":"closed","sticky":false,"template":"","format":"standard","meta":{"footnotes":""},"categories":[53],"tags":[],"class_list":["post-11426","post","type-post","status-publish","format-standard","has-post-thumbnail","hentry","category-noticias-generales"],"lang":"es","translations":{"es":11426,"pt":11429},"pll_sync_post":[],"post_mailing_queue_ids":[],"_links":{"self":[{"href":"http:\/\/staging.ibermusicas.org\/index.php\/wp-json\/wp\/v2\/posts\/11426","targetHints":{"allow":["GET"]}}],"collection":[{"href":"http:\/\/staging.ibermusicas.org\/index.php\/wp-json\/wp\/v2\/posts"}],"about":[{"href":"http:\/\/staging.ibermusicas.org\/index.php\/wp-json\/wp\/v2\/types\/post"}],"author":[{"embeddable":true,"href":"http:\/\/staging.ibermusicas.org\/index.php\/wp-json\/wp\/v2\/users\/1"}],"replies":[{"embeddable":true,"href":"http:\/\/staging.ibermusicas.org\/index.php\/wp-json\/wp\/v2\/comments?post=11426"}],"version-history":[{"count":1,"href":"http:\/\/staging.ibermusicas.org\/index.php\/wp-json\/wp\/v2\/posts\/11426\/revisions"}],"predecessor-version":[{"id":11428,"href":"http:\/\/staging.ibermusicas.org\/index.php\/wp-json\/wp\/v2\/posts\/11426\/revisions\/11428"}],"wp:featuredmedia":[{"embeddable":true,"href":"http:\/\/staging.ibermusicas.org\/index.php\/wp-json\/wp\/v2\/media\/11427"}],"wp:attachment":[{"href":"http:\/\/staging.ibermusicas.org\/index.php\/wp-json\/wp\/v2\/media?parent=11426"}],"wp:term":[{"taxonomy":"category","embeddable":true,"href":"http:\/\/staging.ibermusicas.org\/index.php\/wp-json\/wp\/v2\/categories?post=11426"},{"taxonomy":"post_tag","embeddable":true,"href":"http:\/\/staging.ibermusicas.org\/index.php\/wp-json\/wp\/v2\/tags?post=11426"}],"curies":[{"name":"wp","href":"https:\/\/api.w.org\/{rel}","templated":true}]}}