{"id":11429,"date":"2022-03-17T11:47:06","date_gmt":"2022-03-17T11:47:06","guid":{"rendered":"http:\/\/staging.ibermusicas.org\/?p=11429"},"modified":"2022-04-01T18:43:55","modified_gmt":"2022-04-01T18:43:55","slug":"o-ensamble-eco-da-costa-rica-recebe-o-compositor-argentino-gustavo-de-leonardis-que-compora-tres-obras-especialmente-para-o-ensamble","status":"publish","type":"post","link":"http:\/\/staging.ibermusicas.org\/index.php\/o-ensamble-eco-da-costa-rica-recebe-o-compositor-argentino-gustavo-de-leonardis-que-compora-tres-obras-especialmente-para-o-ensamble\/","title":{"rendered":"O Ensamble ECO da Costa Rica recebe o compositor argentino Gustavo De Leonardis que compor\u00e1 tr\u00eas obras especialmente para o Ensamble"},"content":{"rendered":"<p>O Ensamble ECO \u00e9 um agrupamento de m\u00fasica de c\u00e2mara contempor\u00e2nea com sede na Costa Rica. Sua miss\u00e3o \u00e9 projetar a interpreta\u00e7\u00e3o de m\u00fasica contempor\u00e2nea de c\u00e2mara latino-americana em n\u00edvel universal. O Ensamble ECO foi fundado em 2018 para apresentar programas inovadores, explorar novos sons, comissionar novas obras e aumentar a conscientiza\u00e7\u00e3o sobre a arte contempor\u00e2nea na Am\u00e9rica Latina; com o objetivo de desenvolver um ambiente que permita o enriquecimento da arte em todos os sectores da sociedade.<\/p>\n<p>A resid\u00eancia compositiva que realizar\u00e1 Gustavo De Leonardis consistir\u00e1 na composi\u00e7\u00e3o de tr\u00eas novas obras escritas especialmente para o Ensamble ECO somando o trabalho em equipe entre int\u00e9rpretes e compositor na Cidade de S\u00e3o Jos\u00e9 para montar e estrear as tr\u00eas obras em concerto no dia 20 de mar\u00e7o no teatro Eugene O`Neill. O programa ser\u00e1 completado com a estr\u00e9ia de outra obra de De Leonardis composta em 2016, para trio de violino, violoncelo e piano. Finalmente as obras ser\u00e3o gravadas em est\u00fadio e editadas pelo conjunto. O nexo de uni\u00e3o e ponto de partida entre o ensamble e compositor \u00e9 a afinidade e busca est\u00e9tica comum no desenvolvimento e produ\u00e7\u00e3o de obras enquadradas nas denominadas m\u00fasicas repetitivas e no minimalismo desde uma perspectiva latino-americana. Tanto o conjunto como o compositor t\u00eam vasta experi\u00eancia na produ\u00e7\u00e3o destas m\u00fasicas e \u00e9 a partir dessas trajet\u00f3rias de onde o projeto de edifica. A atividade se completa com v\u00e1rias confer\u00eancias do compositor destinadas a estudantes de composi\u00e7\u00e3o na Universidade da Costa Rica.<\/p>\n<p>Gustavo De Leonardis nasceu em Mar del Plata, Buenos Aires, em 1977. \u00c9 compositor, pianista e docente. Licenciado em Artes Musicais (Composi\u00e7\u00e3o) pela Universidade Nacional das Artes (UNA). Foi aluno de Fernando Maglia, Carmen Baliero e Santiago Santero. Duas vezes vencedor (2018 e 2019) da convocat\u00f3ria anual para Resid\u00eancias no Exterior da Iberm\u00fasicas e ganhador da Bolsa \u00e0 Cria\u00e7\u00e3o Individual do Fundo Nacional das Artes (2021). Al\u00e9m de compositor, \u00e9 curador de concertos de m\u00fasica experimental e contempor\u00e2nea e trabalha em colabora\u00e7\u00e3o com outros artistas e compositores como Daniel Melero. \u00c9 docente na UNA em duas de suas unidades acad\u00eamicas (Artes Musicais e Artes Multim\u00e9dia). Suas composi\u00e7\u00f5es se situam no cruzamento da m\u00fasica acad\u00eamica, a m\u00fasica experimental e o rock.<\/p>\n<p>\u25cf Quarta-feira 16 de mar\u00e7o, confer\u00eancia organizada para os estudantes de Carlos Castro e compositores interessados em participar.<br \/>\n\u25cf Quarta-feira 13 de abril, confer\u00eancia virtual por ZOOM.<br \/>\n\u25cf Domingo 20 de mar\u00e7o, 15:00 hs. Concerto no Teatro Eugene O&#8217;Neil.<\/p>\n","protected":false},"excerpt":{"rendered":"<p>O Ensamble ECO \u00e9 um agrupamento de m\u00fasica de c\u00e2mara contempor\u00e2nea com sede na Costa Rica. Sua miss\u00e3o \u00e9 projetar a interpreta\u00e7\u00e3o de m\u00fasica contempor\u00e2nea de c\u00e2mara latino-americana em n\u00edvel universal. O Ensamble ECO foi fundado em 2018 para apresentar programas inovadores, explorar novos sons, comissionar novas obras e aumentar a conscientiza\u00e7\u00e3o sobre a arte [&hellip;]<\/p>\n","protected":false},"author":1,"featured_media":11427,"comment_status":"closed","ping_status":"closed","sticky":false,"template":"","format":"standard","meta":{"footnotes":""},"categories":[218],"tags":[],"class_list":["post-11429","post","type-post","status-publish","format-standard","has-post-thumbnail","hentry","category-noticias-generales-pt"],"lang":"pt","translations":{"pt":11429,"es":11426},"pll_sync_post":[],"post_mailing_queue_ids":[],"_links":{"self":[{"href":"http:\/\/staging.ibermusicas.org\/index.php\/wp-json\/wp\/v2\/posts\/11429","targetHints":{"allow":["GET"]}}],"collection":[{"href":"http:\/\/staging.ibermusicas.org\/index.php\/wp-json\/wp\/v2\/posts"}],"about":[{"href":"http:\/\/staging.ibermusicas.org\/index.php\/wp-json\/wp\/v2\/types\/post"}],"author":[{"embeddable":true,"href":"http:\/\/staging.ibermusicas.org\/index.php\/wp-json\/wp\/v2\/users\/1"}],"replies":[{"embeddable":true,"href":"http:\/\/staging.ibermusicas.org\/index.php\/wp-json\/wp\/v2\/comments?post=11429"}],"version-history":[{"count":1,"href":"http:\/\/staging.ibermusicas.org\/index.php\/wp-json\/wp\/v2\/posts\/11429\/revisions"}],"predecessor-version":[{"id":11430,"href":"http:\/\/staging.ibermusicas.org\/index.php\/wp-json\/wp\/v2\/posts\/11429\/revisions\/11430"}],"wp:featuredmedia":[{"embeddable":true,"href":"http:\/\/staging.ibermusicas.org\/index.php\/wp-json\/wp\/v2\/media\/11427"}],"wp:attachment":[{"href":"http:\/\/staging.ibermusicas.org\/index.php\/wp-json\/wp\/v2\/media?parent=11429"}],"wp:term":[{"taxonomy":"category","embeddable":true,"href":"http:\/\/staging.ibermusicas.org\/index.php\/wp-json\/wp\/v2\/categories?post=11429"},{"taxonomy":"post_tag","embeddable":true,"href":"http:\/\/staging.ibermusicas.org\/index.php\/wp-json\/wp\/v2\/tags?post=11429"}],"curies":[{"name":"wp","href":"https:\/\/api.w.org\/{rel}","templated":true}]}}