{"id":11438,"date":"2022-03-17T11:56:55","date_gmt":"2022-03-17T11:56:55","guid":{"rendered":"http:\/\/staging.ibermusicas.org\/?p=11438"},"modified":"2022-04-01T18:40:48","modified_gmt":"2022-04-01T18:40:48","slug":"el-festival-internacional-de-musica-de-alturas-de-peru-inicia-su-ciclo-de-clases-maestras","status":"publish","type":"post","link":"http:\/\/staging.ibermusicas.org\/index.php\/el-festival-internacional-de-musica-de-alturas-de-peru-inicia-su-ciclo-de-clases-maestras\/","title":{"rendered":"El Festival Internacional de M\u00fasica de Alturas de Per\u00fa inicia su ciclo de Clases Maestras"},"content":{"rendered":"<p>La Asociaci\u00f3n Arte de Alturas se cre\u00f3 en diciembre de 2013 y desde entonces ha centrado su labor en el \u00e1mbito de la cultura, principalmente en la m\u00fasica de pa\u00edses monta\u00f1osos, a trav\u00e9s del Festival Internacional de M\u00fasica de Alturas (FIMA), que hasta la fecha ha realizado 4 ediciones, en su sede Lima y en ciudades y pueblos andinos: Cusco, Arequipa, Cajamarca y Ayacucho (Huamanga, Vilcashuam\u00e1n y Sarhua).<\/p>\n<p>El Festival Internacional de M\u00fasica de Alturas es una iniciativa \u00fanica en el mundo que busca acercar, conocer, integrar y promover la m\u00fasica y cultura de monta\u00f1as, cuyas similitudes van de lo geogr\u00e1fico a lo art\u00edstico, pasando por la trashumancia.<\/p>\n<p>El FIMA est\u00e1 desarrollando clases maestras virtuales realizadas en co organizaci\u00f3n con UNESCO Per\u00fa. Durante el 2022, las clases maestras estar\u00e1n centradas en las siguientes tem\u00e1ticas:<\/p>\n<p>\u25cf Impacto de la m\u00fasica en la sociedad<br \/>\n\u25cf Historia y evoluci\u00f3n de ritmos musicales<br \/>\n\u25cf Monta\u00f1as y cambio clim\u00e1tico<br \/>\n\u25cf Puntos de encuentro entre diversas manifestaciones culturales<br \/>\n\u25cf M\u00fasica e identidades de g\u00e9nero<\/p>\n<p>Las clases maestras FIMA 2022 se realizar\u00e1n a partir del mes de marzo 2022 hasta octubre 2022. Ser\u00e1n 8 clases maestras, una por mes. La difusi\u00f3n de las clases maestras se realizar\u00e1 mediante redes sociales del FIMA. Las clases quedar\u00e1n grabadas y ser\u00e1n de libre acceso desde la p\u00e1gina web del festival<\/p>\n<p>S\u00e1bado 26 de marzo, 18:00 hs. Clase Maestra \u201cCon versemos sobre la D\u00e9cima\u201d por Fabiola Gonz\u00e1lez, La chinganera, investigadora y folclorista chilena.<\/p>\n<p><a href=\"https:\/\/lt.mydplr.com\/4cccb7e935f9948505ebe6c381765a8f-81868bec073b3970fa62af291f12b42d\" target=\"_blank\" rel=\"noopener\" data-saferedirecturl=\"https:\/\/www.google.com\/url?q=https:\/\/lt.mydplr.com\/4cccb7e935f9948505ebe6c381765a8f-81868bec073b3970fa62af291f12b42d&amp;source=gmail&amp;ust=1647602363270000&amp;usg=AOvVaw2qm6dCQLyOVi2ILhrzMAg0\">festivaldealturas.pe<\/a><br \/>\n<a href=\"https:\/\/lt.mydplr.com\/5b2708168a06376f7a752924b6e7d67a-81868bec073b3970fa62af291f12b42d\" target=\"_blank\" rel=\"noopener\" data-saferedirecturl=\"https:\/\/www.google.com\/url?q=https:\/\/lt.mydplr.com\/5b2708168a06376f7a752924b6e7d67a-81868bec073b3970fa62af291f12b42d&amp;source=gmail&amp;ust=1647602363270000&amp;usg=AOvVaw3AdG-ZY5AzRNShtNCIVMmZ\">facebook.com<\/a><\/p>\n","protected":false},"excerpt":{"rendered":"<p>La Asociaci\u00f3n Arte de Alturas se cre\u00f3 en diciembre de 2013 y desde entonces ha centrado su labor en el \u00e1mbito de la cultura, principalmente en la m\u00fasica de pa\u00edses monta\u00f1osos, a trav\u00e9s del Festival Internacional de M\u00fasica de Alturas (FIMA), que hasta la fecha ha realizado 4 ediciones, en su sede Lima y en [&hellip;]<\/p>\n","protected":false},"author":1,"featured_media":11439,"comment_status":"closed","ping_status":"closed","sticky":false,"template":"","format":"standard","meta":{"footnotes":""},"categories":[53],"tags":[],"class_list":["post-11438","post","type-post","status-publish","format-standard","has-post-thumbnail","hentry","category-noticias-generales"],"lang":"es","translations":{"es":11438,"pt":11441},"pll_sync_post":[],"post_mailing_queue_ids":[],"_links":{"self":[{"href":"http:\/\/staging.ibermusicas.org\/index.php\/wp-json\/wp\/v2\/posts\/11438","targetHints":{"allow":["GET"]}}],"collection":[{"href":"http:\/\/staging.ibermusicas.org\/index.php\/wp-json\/wp\/v2\/posts"}],"about":[{"href":"http:\/\/staging.ibermusicas.org\/index.php\/wp-json\/wp\/v2\/types\/post"}],"author":[{"embeddable":true,"href":"http:\/\/staging.ibermusicas.org\/index.php\/wp-json\/wp\/v2\/users\/1"}],"replies":[{"embeddable":true,"href":"http:\/\/staging.ibermusicas.org\/index.php\/wp-json\/wp\/v2\/comments?post=11438"}],"version-history":[{"count":1,"href":"http:\/\/staging.ibermusicas.org\/index.php\/wp-json\/wp\/v2\/posts\/11438\/revisions"}],"predecessor-version":[{"id":11440,"href":"http:\/\/staging.ibermusicas.org\/index.php\/wp-json\/wp\/v2\/posts\/11438\/revisions\/11440"}],"wp:featuredmedia":[{"embeddable":true,"href":"http:\/\/staging.ibermusicas.org\/index.php\/wp-json\/wp\/v2\/media\/11439"}],"wp:attachment":[{"href":"http:\/\/staging.ibermusicas.org\/index.php\/wp-json\/wp\/v2\/media?parent=11438"}],"wp:term":[{"taxonomy":"category","embeddable":true,"href":"http:\/\/staging.ibermusicas.org\/index.php\/wp-json\/wp\/v2\/categories?post=11438"},{"taxonomy":"post_tag","embeddable":true,"href":"http:\/\/staging.ibermusicas.org\/index.php\/wp-json\/wp\/v2\/tags?post=11438"}],"curies":[{"name":"wp","href":"https:\/\/api.w.org\/{rel}","templated":true}]}}