{"id":11441,"date":"2022-03-17T11:59:13","date_gmt":"2022-03-17T11:59:13","guid":{"rendered":"http:\/\/staging.ibermusicas.org\/?p=11441"},"modified":"2022-04-01T18:43:44","modified_gmt":"2022-04-01T18:43:44","slug":"o-festival-internacional-de-musica-de-alturas-do-peru-inicia-seu-ciclo-de-aulas-mestras","status":"publish","type":"post","link":"http:\/\/staging.ibermusicas.org\/index.php\/o-festival-internacional-de-musica-de-alturas-do-peru-inicia-seu-ciclo-de-aulas-mestras\/","title":{"rendered":"O Festival Internacional de M\u00fasica de Alturas do Peru inicia seu ciclo de Aulas Mestras"},"content":{"rendered":"<p>A Associa\u00e7\u00e3o Arte de Alturas foi criada em dezembro de 2013 e, desde ent\u00e3o, concentrou seu trabalho no campo da cultura, principalmente na m\u00fasica de pa\u00edses montanhosos, atrav\u00e9s do Festival Internacional de M\u00fasica de Alturas (FIMA), que at\u00e9 agora realizou 4 edi\u00e7\u00f5es, na sua sede Lima e em cidades e povoados andinos: Cusco, Arequipa, Cajamarca e Ayacucho (Huamanga, Vilcashuam\u00e1n e Sarhua).<\/p>\n<p>O Festival Internacional de M\u00fasica de Alturas \u00e9 uma iniciativa \u00fanica no mundo que busca aproximar, conhecer, integrar e promover a m\u00fasica e cultura de montanhas, cujas semelhan\u00e7as v\u00e3o do geogr\u00e1fico ao art\u00edstico, passando pela transum\u00e2ncia.<\/p>\n<p>O FIMA est\u00e1 desenvolvendo aulas virtuais realizadas em coopera\u00e7\u00e3o com a UNESCO Peru. Durante o ano de 2022, as aulas principais incidir\u00e3o nas seguintes tem\u00e1ticas:<\/p>\n<p>\u25cf Impacto da m\u00fasica na sociedade<br \/>\n\u25cf Hist\u00f3ria e evolu\u00e7\u00e3o dos ritmos musicais<br \/>\n\u25cf Montanhas e altera\u00e7\u00f5es clim\u00e1ticas<br \/>\n\u25cf Pontos de encontro entre diversas manifesta\u00e7\u00f5es culturais<br \/>\n\u25cf M\u00fasica e identidades de g\u00eanero<\/p>\n<p>As aulas de mestrado FIMA 2022 ser\u00e3o realizadas a partir de mar\u00e7o de 2022 at\u00e9 outubro de 2022. Ser\u00e3o 8 aulas de mestrado, uma por m\u00eas. A difus\u00e3o das classes-m\u00e3e ser\u00e1 feita atrav\u00e9s das redes sociais do FIMA. As aulas ser\u00e3o gravadas e de livre acesso a partir do site do festival.<\/p>\n<p>S\u00e1bado, 26 de mar\u00e7o, 18:00 hs. Classe Maestra \u00abCon versemos sobre la D\u00e9cima\u00bb por Fabiola Gonz\u00e1lez, La Chinganera, investigadora e folclorista chilena.<\/p>\n<p><a href=\"https:\/\/lt.mydplr.com\/4cccb7e935f9948505ebe6c381765a8f-81868bec073b3970fa62af291f12b42d\" target=\"_blank\" rel=\"noopener\" data-saferedirecturl=\"https:\/\/www.google.com\/url?q=https:\/\/lt.mydplr.com\/4cccb7e935f9948505ebe6c381765a8f-81868bec073b3970fa62af291f12b42d&amp;source=gmail&amp;ust=1647602363270000&amp;usg=AOvVaw2qm6dCQLyOVi2ILhrzMAg0\">festivaldealturas.pe<\/a><br \/>\n<a href=\"https:\/\/lt.mydplr.com\/5b2708168a06376f7a752924b6e7d67a-81868bec073b3970fa62af291f12b42d\" target=\"_blank\" rel=\"noopener\" data-saferedirecturl=\"https:\/\/www.google.com\/url?q=https:\/\/lt.mydplr.com\/5b2708168a06376f7a752924b6e7d67a-81868bec073b3970fa62af291f12b42d&amp;source=gmail&amp;ust=1647602363270000&amp;usg=AOvVaw3AdG-ZY5AzRNShtNCIVMmZ\">facebook.com<\/a><\/p>\n","protected":false},"excerpt":{"rendered":"<p>A Associa\u00e7\u00e3o Arte de Alturas foi criada em dezembro de 2013 e, desde ent\u00e3o, concentrou seu trabalho no campo da cultura, principalmente na m\u00fasica de pa\u00edses montanhosos, atrav\u00e9s do Festival Internacional de M\u00fasica de Alturas (FIMA), que at\u00e9 agora realizou 4 edi\u00e7\u00f5es, na sua sede Lima e em cidades e povoados andinos: Cusco, Arequipa, Cajamarca [&hellip;]<\/p>\n","protected":false},"author":1,"featured_media":11439,"comment_status":"closed","ping_status":"closed","sticky":false,"template":"","format":"standard","meta":{"footnotes":""},"categories":[218],"tags":[],"class_list":["post-11441","post","type-post","status-publish","format-standard","has-post-thumbnail","hentry","category-noticias-generales-pt"],"lang":"pt","translations":{"pt":11441,"es":11438},"pll_sync_post":[],"post_mailing_queue_ids":[],"_links":{"self":[{"href":"http:\/\/staging.ibermusicas.org\/index.php\/wp-json\/wp\/v2\/posts\/11441","targetHints":{"allow":["GET"]}}],"collection":[{"href":"http:\/\/staging.ibermusicas.org\/index.php\/wp-json\/wp\/v2\/posts"}],"about":[{"href":"http:\/\/staging.ibermusicas.org\/index.php\/wp-json\/wp\/v2\/types\/post"}],"author":[{"embeddable":true,"href":"http:\/\/staging.ibermusicas.org\/index.php\/wp-json\/wp\/v2\/users\/1"}],"replies":[{"embeddable":true,"href":"http:\/\/staging.ibermusicas.org\/index.php\/wp-json\/wp\/v2\/comments?post=11441"}],"version-history":[{"count":1,"href":"http:\/\/staging.ibermusicas.org\/index.php\/wp-json\/wp\/v2\/posts\/11441\/revisions"}],"predecessor-version":[{"id":11442,"href":"http:\/\/staging.ibermusicas.org\/index.php\/wp-json\/wp\/v2\/posts\/11441\/revisions\/11442"}],"wp:featuredmedia":[{"embeddable":true,"href":"http:\/\/staging.ibermusicas.org\/index.php\/wp-json\/wp\/v2\/media\/11439"}],"wp:attachment":[{"href":"http:\/\/staging.ibermusicas.org\/index.php\/wp-json\/wp\/v2\/media?parent=11441"}],"wp:term":[{"taxonomy":"category","embeddable":true,"href":"http:\/\/staging.ibermusicas.org\/index.php\/wp-json\/wp\/v2\/categories?post=11441"},{"taxonomy":"post_tag","embeddable":true,"href":"http:\/\/staging.ibermusicas.org\/index.php\/wp-json\/wp\/v2\/tags?post=11441"}],"curies":[{"name":"wp","href":"https:\/\/api.w.org\/{rel}","templated":true}]}}