{"id":11446,"date":"2022-03-17T12:12:50","date_gmt":"2022-03-17T12:12:50","guid":{"rendered":"http:\/\/staging.ibermusicas.org\/?p=11446"},"modified":"2022-03-17T12:12:50","modified_gmt":"2022-03-17T12:12:50","slug":"o-duo-une-integrado-por-maga-falcoff-da-argentina-e-kenneth-saravia-do-peru-lanca-seu-disco-une-ii","status":"publish","type":"post","link":"http:\/\/staging.ibermusicas.org\/index.php\/o-duo-une-integrado-por-maga-falcoff-da-argentina-e-kenneth-saravia-do-peru-lanca-seu-disco-une-ii\/","title":{"rendered":"O duo UNE integrado por Maga Falcoff da Argentina e Kenneth Saravia do Peru lan\u00e7a seu disco UNE II"},"content":{"rendered":"<p>UNE \u00e9 um duo formado por Kenneth Saravia, pianista, multi-instrumentista, arranjador e compositor peruano e Maga Falcoff, cantora, percussionista e compositora argentina. O projeto surge na Argentina com base em pesquisas da m\u00fasica latino-americana. Suas composi\u00e7\u00f5es combinam ritmos do continente com harmonias refinadas, provenientes de diversos estilos, enfatizando unir culturas, texturas, estilos e est\u00e9ticas entre pa\u00edses, convivendo a raiz com o atual, desde o rock, pop at\u00e9 o folclore latino-americano. A busca sonora prop\u00f5e orquestrar da maneira mais ampla como dupla: ambos tocando v\u00e1rios instrumentos e cantando a vozes e somando a composi\u00e7\u00e3o em conjunto com todos esses elementos pesquisados.<\/p>\n<p>O disco UNE II ser\u00e1 lan\u00e7ado por Bandcamp em 28 de mar\u00e7o. O \u00e1lbum foi composto, ensaiado e gravado de maneira virtual em sua totalidade e tem como eixo principal dar a conhecer l\u00ednguas nativas e estilos musicais n\u00e3o t\u00e3o difundidos da Argentina e do Peru.<\/p>\n<p>Maga Falcoff: \u00e9 cantora, compositora, percussionista e docente argentina de m\u00fasica popular. Acompanhou em cen\u00e1rios de prest\u00edgio a Eva Ayllon, Hubert Reyes e Los Cuatro Vientos. Ela fez turn\u00eas na Col\u00f4mbia, Peru e Argentina. \u00c9 diretora e criadora da La Jam Latinoamericana.<\/p>\n<p>Kenneth Saravia: pianista, multi-instrumentista, arranjador e compositor peruano. Ao longo de sua carreira tocou junto a distintos artistas como: Oscar de Leon, Chick Korea, Lito Vitale, Tony Succar, Mijares, Juan Carlo Baglietto, Kevin Johansen, Cecilia Bracamonte, Soledad Pastorutti, Pedro Guerra, Nicole Pillman, Angela Carrasco e Lucho Gonz\u00e1lez, entre outros. Atualmente toca junto a Gian Marco realizando turn\u00eas pelos Estados Unidos, M\u00e9xico, Chile e Peru.<\/p>\n<p>\u25cf Lan\u00e7amento do novo disco UNE II 28 de mar\u00e7o em Bandcamp.<\/p>\n","protected":false},"excerpt":{"rendered":"<p>UNE \u00e9 um duo formado por Kenneth Saravia, pianista, multi-instrumentista, arranjador e compositor peruano e Maga Falcoff, cantora, percussionista e compositora argentina. O projeto surge na Argentina com base em pesquisas da m\u00fasica latino-americana. Suas composi\u00e7\u00f5es combinam ritmos do continente com harmonias refinadas, provenientes de diversos estilos, enfatizando unir culturas, texturas, estilos e est\u00e9ticas entre [&hellip;]<\/p>\n","protected":false},"author":1,"featured_media":11444,"comment_status":"closed","ping_status":"closed","sticky":false,"template":"","format":"standard","meta":{"footnotes":""},"categories":[218],"tags":[],"class_list":["post-11446","post","type-post","status-publish","format-standard","has-post-thumbnail","hentry","category-noticias-generales-pt"],"lang":"pt","translations":{"pt":11446,"es":11443},"pll_sync_post":[],"post_mailing_queue_ids":[],"_links":{"self":[{"href":"http:\/\/staging.ibermusicas.org\/index.php\/wp-json\/wp\/v2\/posts\/11446","targetHints":{"allow":["GET"]}}],"collection":[{"href":"http:\/\/staging.ibermusicas.org\/index.php\/wp-json\/wp\/v2\/posts"}],"about":[{"href":"http:\/\/staging.ibermusicas.org\/index.php\/wp-json\/wp\/v2\/types\/post"}],"author":[{"embeddable":true,"href":"http:\/\/staging.ibermusicas.org\/index.php\/wp-json\/wp\/v2\/users\/1"}],"replies":[{"embeddable":true,"href":"http:\/\/staging.ibermusicas.org\/index.php\/wp-json\/wp\/v2\/comments?post=11446"}],"version-history":[{"count":1,"href":"http:\/\/staging.ibermusicas.org\/index.php\/wp-json\/wp\/v2\/posts\/11446\/revisions"}],"predecessor-version":[{"id":11447,"href":"http:\/\/staging.ibermusicas.org\/index.php\/wp-json\/wp\/v2\/posts\/11446\/revisions\/11447"}],"wp:featuredmedia":[{"embeddable":true,"href":"http:\/\/staging.ibermusicas.org\/index.php\/wp-json\/wp\/v2\/media\/11444"}],"wp:attachment":[{"href":"http:\/\/staging.ibermusicas.org\/index.php\/wp-json\/wp\/v2\/media?parent=11446"}],"wp:term":[{"taxonomy":"category","embeddable":true,"href":"http:\/\/staging.ibermusicas.org\/index.php\/wp-json\/wp\/v2\/categories?post=11446"},{"taxonomy":"post_tag","embeddable":true,"href":"http:\/\/staging.ibermusicas.org\/index.php\/wp-json\/wp\/v2\/tags?post=11446"}],"curies":[{"name":"wp","href":"https:\/\/api.w.org\/{rel}","templated":true}]}}