{"id":11452,"date":"2022-03-17T12:16:35","date_gmt":"2022-03-17T12:16:35","guid":{"rendered":"http:\/\/staging.ibermusicas.org\/?p=11452"},"modified":"2022-03-17T12:16:35","modified_gmt":"2022-03-17T12:16:35","slug":"jazcur-o-grupo-composto-por-musicos-de-quatro-paises-ibero-americanos-inicia-seu-projeto-de-concertos-aulas-e-gravacao","status":"publish","type":"post","link":"http:\/\/staging.ibermusicas.org\/index.php\/jazcur-o-grupo-composto-por-musicos-de-quatro-paises-ibero-americanos-inicia-seu-projeto-de-concertos-aulas-e-gravacao\/","title":{"rendered":"Jaz\u00e7ur, o grupo composto por m\u00fasicos de quatro pa\u00edses ibero-americanos inicia seu projeto de concertos, aulas e grava\u00e7\u00e3o"},"content":{"rendered":"<p>Jaz\u00e7ur \u00e9 um quarteto de m\u00fasica contempor\u00e2nea que combina elementos do jazz com g\u00eaneros tradicionais sul-americanos. \u00c9 composto por m\u00fasicos de 4 pa\u00edses da Am\u00e9rica do Sul: Ramiro Olaciregui em guitarra (Argentina), Heber Peredo em piano (Bol\u00edvia), Cayo Iturralde em baixo (Equador) e Eduardo Suiett em bateria (Brasil).<\/p>\n<p>O grupo teve seu in\u00edcio gra\u00e7as ao encontro que os m\u00fasicos Cayo Iturralde (Equador), Ramiro Olaciregui (Argentina) e Eduardo Sueitt (Brasil) tiveram durante a edi\u00e7\u00e3o do 12\u00ba Encontro Internacional de M\u00fasicos Jazz \u00e0 La Calle (2019), em Mercedes-Uruguai. Cayo e Ramiro se apresentaram com o grupo Pies na Terra, enquanto Eduardo apresentava seu projeto Eduardo Sueitt &amp; Grupo. Portanto, foi de uma admira\u00e7\u00e3o musical rec\u00edproca entre os m\u00fasicos que surgiu a ideia: \u00abPor que n\u00e3o fazemos um projeto de m\u00fasica instrumental com m\u00fasicos da Am\u00e9rica do Sul, propiciando um interc\u00e2mbio cultural?\u00bb Foi quando Caio e Ramiro tiveram a ideia de convidar o pianista boliviano Heber Peredo, que prontamente aceitou o convite.<\/p>\n<p>Eles realizar\u00e3o a grava\u00e7\u00e3o de um trabalho fonogr\u00e1fico com composi\u00e7\u00f5es dos integrantes do grupo, e a promo\u00e7\u00e3o de concertos no Equador, os quais ser\u00e3o filmados para posterior emiss\u00e3o.<\/p>\n<p>\u25cf 30 de mar\u00e7o Masterclass em composi\u00e7\u00e3o (Universidade das Am\u00e9ricas)<br \/>\n\u25cf 30 de mar\u00e7o 21 hs. Concerto em Ananke de Gu\u00e1pulo<br \/>\n\u25cf 31 de mar\u00e7o 19:30 hs. Concerto em Teatro Variedades<br \/>\n\u25cf 1\u00ba de abril Grava\u00e7\u00e3o de disco e v\u00eddeo promocional<br \/>\n\u25cf 2 de abril Concerto e Jam Session em Kay Caf\u00e9 Cultural<\/p>\n","protected":false},"excerpt":{"rendered":"<p>Jaz\u00e7ur \u00e9 um quarteto de m\u00fasica contempor\u00e2nea que combina elementos do jazz com g\u00eaneros tradicionais sul-americanos. \u00c9 composto por m\u00fasicos de 4 pa\u00edses da Am\u00e9rica do Sul: Ramiro Olaciregui em guitarra (Argentina), Heber Peredo em piano (Bol\u00edvia), Cayo Iturralde em baixo (Equador) e Eduardo Suiett em bateria (Brasil). O grupo teve seu in\u00edcio gra\u00e7as ao [&hellip;]<\/p>\n","protected":false},"author":1,"featured_media":11449,"comment_status":"closed","ping_status":"closed","sticky":false,"template":"","format":"standard","meta":{"footnotes":""},"categories":[218],"tags":[],"class_list":["post-11452","post","type-post","status-publish","format-standard","has-post-thumbnail","hentry","category-noticias-generales-pt"],"lang":"pt","translations":{"pt":11452,"es":11448},"pll_sync_post":[],"post_mailing_queue_ids":[],"_links":{"self":[{"href":"http:\/\/staging.ibermusicas.org\/index.php\/wp-json\/wp\/v2\/posts\/11452","targetHints":{"allow":["GET"]}}],"collection":[{"href":"http:\/\/staging.ibermusicas.org\/index.php\/wp-json\/wp\/v2\/posts"}],"about":[{"href":"http:\/\/staging.ibermusicas.org\/index.php\/wp-json\/wp\/v2\/types\/post"}],"author":[{"embeddable":true,"href":"http:\/\/staging.ibermusicas.org\/index.php\/wp-json\/wp\/v2\/users\/1"}],"replies":[{"embeddable":true,"href":"http:\/\/staging.ibermusicas.org\/index.php\/wp-json\/wp\/v2\/comments?post=11452"}],"version-history":[{"count":1,"href":"http:\/\/staging.ibermusicas.org\/index.php\/wp-json\/wp\/v2\/posts\/11452\/revisions"}],"predecessor-version":[{"id":11453,"href":"http:\/\/staging.ibermusicas.org\/index.php\/wp-json\/wp\/v2\/posts\/11452\/revisions\/11453"}],"wp:featuredmedia":[{"embeddable":true,"href":"http:\/\/staging.ibermusicas.org\/index.php\/wp-json\/wp\/v2\/media\/11449"}],"wp:attachment":[{"href":"http:\/\/staging.ibermusicas.org\/index.php\/wp-json\/wp\/v2\/media?parent=11452"}],"wp:term":[{"taxonomy":"category","embeddable":true,"href":"http:\/\/staging.ibermusicas.org\/index.php\/wp-json\/wp\/v2\/categories?post=11452"},{"taxonomy":"post_tag","embeddable":true,"href":"http:\/\/staging.ibermusicas.org\/index.php\/wp-json\/wp\/v2\/tags?post=11452"}],"curies":[{"name":"wp","href":"https:\/\/api.w.org\/{rel}","templated":true}]}}