{"id":11483,"date":"2022-04-01T18:58:08","date_gmt":"2022-04-01T18:58:08","guid":{"rendered":"http:\/\/staging.ibermusicas.org\/?p=11483"},"modified":"2022-05-03T20:39:32","modified_gmt":"2022-05-03T20:39:32","slug":"flor-otero-de-argentina-y-camila-vaccaro-de-chile-estrenan-un-video-en-colaboracion","status":"publish","type":"post","link":"http:\/\/staging.ibermusicas.org\/index.php\/flor-otero-de-argentina-y-camila-vaccaro-de-chile-estrenan-un-video-en-colaboracion\/","title":{"rendered":"Flor Otero de Argentina y Camila Vaccaro de Chile estrenan un video en colaboraci\u00f3n"},"content":{"rendered":"<p>Cruzando Fronteras; proyecto que entrecruza los universos, creativos y sonoros, de las artistas Flor Otero (Argentina) y Camila Vaccaro (Chile). Composiciones conjuntas recorren las tem\u00e1ticas basales de su sentir como mujeres en este mundo. Un viaje a trav\u00e9s de la vida y sus huellas marcadas a sangre.<\/p>\n<p>Flor Otero es cantante, compositora e improvisadora argentina. Su m\u00fasica recorre los universos del folk, el jazz, la canci\u00f3n, la m\u00fasica experimental y contempor\u00e1nea. Su trabajo se basa en la improvisaci\u00f3n, la interpretaci\u00f3n y la composici\u00f3n de canciones. En el a\u00f1o 2012 lanza su disco debut \u201cNocturno Mundo\u201d, m\u00fasicas de Joni Mitchell. En el a\u00f1o 2015 el disco fue parte del homenaje a Joni Mitchell realizado por NPR (Radio Nacional de EE.UU). En 2012 forma el proyecto de improvisaci\u00f3n vocal junto a las cantantes Melina Moguilevsky y B\u00e1rbara Togander. En 2016 edita su segundo trabajo discogr\u00e1fico: \u201cEl Juego Verdadero\u201d, basado en m\u00fasicas de su autor\u00eda y arregladas por la pianista Paula Shocron. Actualmente se encuentra presentando su \u00faltimo material \u00abLa Fuerza\u00bb editado en 2021. Particip\u00f3 de los proyectos Imuda y Cem (Creatividad en Movimiento). Desde el a\u00f1o 2002 hasta la actualidad se desempe\u00f1a como docente. Se form\u00f3 en danza y movimiento con las maestras Ana Frenkel, Diana Szeinblum y Andrea Manso Hoffman. Como docente estuvo a cargo de la creaci\u00f3n de la Carrera de Canto Jazz en la Escuela Municipal de M\u00fasica 501 de San Nicol\u00e1s (Prov. Buenos Aires) y dicta el taller \u201cEl Cuerpo de la Voz\u201d dirigido a la improvisaci\u00f3n con t\u00e9cnicas extendidas de la voz y al movimiento.<\/p>\n<p>Camila Vaccaro es una m\u00fasico chilena, multi-instrumentista , Autora y Compositora que presenta un primer material como solista luego de trabajar junto a la banda Merk\u00e9n por varios a\u00f1os, varios discos y m\u00faltiples giras nacionales e internacionales. En este nuevo trabajo como solista, reafirma su planteamiento musical de b\u00fasqueda permanente en los tintes del folclor, mixturando \u00e9sta vez con sonidos m\u00e1s ligados a la electr\u00f3nica. Est\u00e1 acompa\u00f1ada de m\u00fasicos de amplia trayectoria en Chile y con una producci\u00f3n colmada de detalles sonoros que ayudan a percibir la intensidad de sus composiciones, con letras de profunda complejidad y melod\u00edas que parecieran ser parte del imaginario colectivo.<\/p>\n<p>Viernes 1 de abril en\u00a0<a href=\"https:\/\/lt.mydplr.com\/7d99d85c1a8282a298729de9311525a2-81868bec073b3970fa62af291f12b42d\" target=\"_blank\" rel=\"noopener\" data-saferedirecturl=\"https:\/\/www.google.com\/url?hl=es&amp;q=https:\/\/lt.mydplr.com\/7d99d85c1a8282a298729de9311525a2-81868bec073b3970fa62af291f12b42d&amp;source=gmail&amp;ust=1648925668980000&amp;usg=AOvVaw1Bli0AtlvDXCbsPDAtJxD9\">Youtube<\/a><\/p>\n","protected":false},"excerpt":{"rendered":"<p>Cruzando Fronteras; proyecto que entrecruza los universos, creativos y sonoros, de las artistas Flor Otero (Argentina) y Camila Vaccaro (Chile). Composiciones conjuntas recorren las tem\u00e1ticas basales de su sentir como mujeres en este mundo. Un viaje a trav\u00e9s de la vida y sus huellas marcadas a sangre. Flor Otero es cantante, compositora e improvisadora argentina. [&hellip;]<\/p>\n","protected":false},"author":1,"featured_media":11484,"comment_status":"closed","ping_status":"closed","sticky":false,"template":"","format":"standard","meta":{"footnotes":""},"categories":[53],"tags":[],"class_list":["post-11483","post","type-post","status-publish","format-standard","has-post-thumbnail","hentry","category-noticias-generales"],"lang":"es","translations":{"es":11483,"pt":11490},"pll_sync_post":[],"post_mailing_queue_ids":[],"_links":{"self":[{"href":"http:\/\/staging.ibermusicas.org\/index.php\/wp-json\/wp\/v2\/posts\/11483","targetHints":{"allow":["GET"]}}],"collection":[{"href":"http:\/\/staging.ibermusicas.org\/index.php\/wp-json\/wp\/v2\/posts"}],"about":[{"href":"http:\/\/staging.ibermusicas.org\/index.php\/wp-json\/wp\/v2\/types\/post"}],"author":[{"embeddable":true,"href":"http:\/\/staging.ibermusicas.org\/index.php\/wp-json\/wp\/v2\/users\/1"}],"replies":[{"embeddable":true,"href":"http:\/\/staging.ibermusicas.org\/index.php\/wp-json\/wp\/v2\/comments?post=11483"}],"version-history":[{"count":1,"href":"http:\/\/staging.ibermusicas.org\/index.php\/wp-json\/wp\/v2\/posts\/11483\/revisions"}],"predecessor-version":[{"id":11485,"href":"http:\/\/staging.ibermusicas.org\/index.php\/wp-json\/wp\/v2\/posts\/11483\/revisions\/11485"}],"wp:featuredmedia":[{"embeddable":true,"href":"http:\/\/staging.ibermusicas.org\/index.php\/wp-json\/wp\/v2\/media\/11484"}],"wp:attachment":[{"href":"http:\/\/staging.ibermusicas.org\/index.php\/wp-json\/wp\/v2\/media?parent=11483"}],"wp:term":[{"taxonomy":"category","embeddable":true,"href":"http:\/\/staging.ibermusicas.org\/index.php\/wp-json\/wp\/v2\/categories?post=11483"},{"taxonomy":"post_tag","embeddable":true,"href":"http:\/\/staging.ibermusicas.org\/index.php\/wp-json\/wp\/v2\/tags?post=11483"}],"curies":[{"name":"wp","href":"https:\/\/api.w.org\/{rel}","templated":true}]}}