{"id":11490,"date":"2022-04-01T19:06:14","date_gmt":"2022-04-01T19:06:14","guid":{"rendered":"http:\/\/staging.ibermusicas.org\/?p=11490"},"modified":"2022-05-03T20:41:19","modified_gmt":"2022-05-03T20:41:19","slug":"flor-otero-da-argentina-e-camila-vaccaro-do-chile-estreiam-um-video-em-colaboracao","status":"publish","type":"post","link":"http:\/\/staging.ibermusicas.org\/index.php\/flor-otero-da-argentina-e-camila-vaccaro-do-chile-estreiam-um-video-em-colaboracao\/","title":{"rendered":"Flor Otero da Argentina e Camila Vaccaro do Chile estreiam um v\u00eddeo em colabora\u00e7\u00e3o"},"content":{"rendered":"<p>Cruzando Fronteiras; projeto que cruza os universos criativos e sonoros das artistas Flor Otero (Argentina) e Camila Vaccaro (Chile). Composi\u00e7\u00f5es conjuntas percorrem as tem\u00e1ticas b\u00e1sicas de seu sentir como mulheres neste mundo. Uma viagem atrav\u00e9s da vida e suas impress\u00e3os marcadas a sangue.<\/p>\n<p>Flor Otero \u00e9 cantora, compositora e improvisadora argentina. Sua m\u00fasica percorre os universos do folk, o jazz, a can\u00e7\u00e3o, a m\u00fasica experimental e contempor\u00e2nea. Seu trabalho \u00e9 baseado na improvisa\u00e7\u00e3o, interpreta\u00e7\u00e3o e composi\u00e7\u00e3o de m\u00fasicas. No ano 2012 lan\u00e7a seu disco de estr\u00e9ia \u00abNoturno Mundo\u00bb, m\u00fasicas de Joni Mitchell. Em 2015 o disco foi parte da homenagem a Joni Mitchell realizada pela NPR (R\u00e1dio Nacional dos EUA). Em 2012 forma o projeto de improvisa\u00e7\u00e3o vocal junto \u00e0s cantoras Melina Moguilevsky e B\u00e1rbara Togander. Em 2016 edita seu segundo trabalho discogr\u00e1fico: \u00abO Jogo Verdadeiro\u00bb, baseado em m\u00fasicas de sua autoria e arranjadas pela pianista Paula Shocron. Atualmente est\u00e1 apresentando seu \u00faltimo material \u00abA For\u00e7a\u00bb editado em 2021. Participou dos projetos Imuda e Cem (Criatividade em Movimento). Desde 2002 at\u00e9 hoje, tem sido professora. Formou-se em dan\u00e7a e movimento com as professoras Ana Frenkel, Diana Szeinblum e Andrea Manso Hoffman. Como docente esteve a cargo da cria\u00e7\u00e3o da Carreira de Canto Jazz na Escola Municipal de M\u00fasica 501 de San Nicol\u00e1s (Prov. Buenos Aires) e dita a oficina \u00abO Corpo da Voz\u00bb voltada \u00e0 improvisa\u00e7\u00e3o com t\u00e9cnicas estendidas da voz e ao movimento.<\/p>\n<p>Camila Vaccaro \u00e9 uma m\u00fasico chilena, multi-instrumentista , Autora e Compositora que apresenta um primeiro material como solista depois de trabalhar junto \u00e0 banda Merk\u00e9n por v\u00e1rios anos, v\u00e1rios discos e m\u00faltiplas turn\u00eas nacionais e internacionais. Neste novo trabalho como solista, reafirma a sua abordagem musical de busca permanente nas cores do folclor, misturando desta vez com sons mais ligados \u00e0 electr\u00f3nica. Est\u00e1 acompanhada de m\u00fasicos de larga trajet\u00f3ria no Chile e com uma produ\u00e7\u00e3o repleta de detalhes sonoros que ajudam a perceber a intensidade de suas composi\u00e7\u00f5es, com letras de profunda complexidade e melodias que pareciam fazer parte do imagin\u00e1rio coletivo.<\/p>\n<p>Sexta-feira, 1 de Abril de 2009\u00a0<a href=\"https:\/\/lt.mydplr.com\/7d99d85c1a8282a298729de9311525a2-81868bec073b3970fa62af291f12b42d\" target=\"_blank\" rel=\"noopener\" data-saferedirecturl=\"https:\/\/www.google.com\/url?hl=es&amp;q=https:\/\/lt.mydplr.com\/7d99d85c1a8282a298729de9311525a2-81868bec073b3970fa62af291f12b42d&amp;source=gmail&amp;ust=1648925668980000&amp;usg=AOvVaw1Bli0AtlvDXCbsPDAtJxD9\">Youtube<\/a><\/p>\n","protected":false},"excerpt":{"rendered":"<p>Cruzando Fronteiras; projeto que cruza os universos criativos e sonoros das artistas Flor Otero (Argentina) e Camila Vaccaro (Chile). Composi\u00e7\u00f5es conjuntas percorrem as tem\u00e1ticas b\u00e1sicas de seu sentir como mulheres neste mundo. Uma viagem atrav\u00e9s da vida e suas impress\u00e3os marcadas a sangue. Flor Otero \u00e9 cantora, compositora e improvisadora argentina. Sua m\u00fasica percorre os [&hellip;]<\/p>\n","protected":false},"author":1,"featured_media":11484,"comment_status":"closed","ping_status":"closed","sticky":false,"template":"","format":"standard","meta":{"footnotes":""},"categories":[218],"tags":[],"class_list":["post-11490","post","type-post","status-publish","format-standard","has-post-thumbnail","hentry","category-noticias-generales-pt"],"lang":"pt","translations":{"pt":11490,"es":11483},"pll_sync_post":[],"post_mailing_queue_ids":[],"_links":{"self":[{"href":"http:\/\/staging.ibermusicas.org\/index.php\/wp-json\/wp\/v2\/posts\/11490","targetHints":{"allow":["GET"]}}],"collection":[{"href":"http:\/\/staging.ibermusicas.org\/index.php\/wp-json\/wp\/v2\/posts"}],"about":[{"href":"http:\/\/staging.ibermusicas.org\/index.php\/wp-json\/wp\/v2\/types\/post"}],"author":[{"embeddable":true,"href":"http:\/\/staging.ibermusicas.org\/index.php\/wp-json\/wp\/v2\/users\/1"}],"replies":[{"embeddable":true,"href":"http:\/\/staging.ibermusicas.org\/index.php\/wp-json\/wp\/v2\/comments?post=11490"}],"version-history":[{"count":1,"href":"http:\/\/staging.ibermusicas.org\/index.php\/wp-json\/wp\/v2\/posts\/11490\/revisions"}],"predecessor-version":[{"id":11491,"href":"http:\/\/staging.ibermusicas.org\/index.php\/wp-json\/wp\/v2\/posts\/11490\/revisions\/11491"}],"wp:featuredmedia":[{"embeddable":true,"href":"http:\/\/staging.ibermusicas.org\/index.php\/wp-json\/wp\/v2\/media\/11484"}],"wp:attachment":[{"href":"http:\/\/staging.ibermusicas.org\/index.php\/wp-json\/wp\/v2\/media?parent=11490"}],"wp:term":[{"taxonomy":"category","embeddable":true,"href":"http:\/\/staging.ibermusicas.org\/index.php\/wp-json\/wp\/v2\/categories?post=11490"},{"taxonomy":"post_tag","embeddable":true,"href":"http:\/\/staging.ibermusicas.org\/index.php\/wp-json\/wp\/v2\/tags?post=11490"}],"curies":[{"name":"wp","href":"https:\/\/api.w.org\/{rel}","templated":true}]}}