{"id":11494,"date":"2022-04-01T19:09:23","date_gmt":"2022-04-01T19:09:23","guid":{"rendered":"http:\/\/staging.ibermusicas.org\/?p=11494"},"modified":"2022-04-01T19:09:23","modified_gmt":"2022-04-01T19:09:23","slug":"jazcur-la-agrupacion-compuesta-por-musicos-de-cuatro-paises-iberoamericanos-continua-con-su-gira-por-ecuador","status":"publish","type":"post","link":"http:\/\/staging.ibermusicas.org\/index.php\/jazcur-la-agrupacion-compuesta-por-musicos-de-cuatro-paises-iberoamericanos-continua-con-su-gira-por-ecuador\/","title":{"rendered":"Jaz\u00e7ur, la agrupaci\u00f3n compuesta por m\u00fasicos de cuatro pa\u00edses iberoamericanos contin\u00faa con su gira por Ecuador"},"content":{"rendered":"<p>Jaz\u00e7ur es un cuarteto de m\u00fasica contempor\u00e1nea que combina elementos del jazz con g\u00e9neros tradicionales sudamericanos. Est\u00e1 integrado por m\u00fasicos de 4 pa\u00edses de Sudam\u00e9rica: Ramiro Olaciregui en guitarra (Argentina), Heber Peredo en piano (Bolivia), Cayo Iturralde en bajo (Ecuador) y Eduardo Suiett en bater\u00eda (Brasil).<\/p>\n<p>El grupo tuvo su inicio gracias al encuentro que los m\u00fasicos Cayo Iturralde (Ecuador), Ramiro Olaciregui (Argentina) y Eduardo Sueitt (Brasil) tuvieron durante la edici\u00f3n del 12\u00ba Encuentro Internacional de M\u00fasicos Jazz a la Calle (2019), en Mercedes-Uruguay. Cayo y Ramiro se presentaron con el grupo Pies en la Tierra, mientras Eduardo presentaba su proyecto tambi\u00e9n autoral Eduardo Sueitt &amp; Grupo. Por tanto, fue de una admiraci\u00f3n musical rec\u00edproca entre los m\u00fasicos que surgi\u00f3 la idea: \u201c\u00bfPor qu\u00e9 no hacemos un proyecto de m\u00fasica instrumental con m\u00fasicos de Sudam\u00e9rica, propiciando un intercambio cultural?\u201d Fue cuando Cayo y Ramiro tuvieron la idea de invitar al pianista boliviano Heber Peredo, que prontamente acept\u00f3 la invitaci\u00f3n.<\/p>\n<p>2 de abril, 21 hs. Concierto en Kay Caf\u00e9, Miravalle, Ecuador<\/p>\n","protected":false},"excerpt":{"rendered":"<p>Jaz\u00e7ur es un cuarteto de m\u00fasica contempor\u00e1nea que combina elementos del jazz con g\u00e9neros tradicionales sudamericanos. Est\u00e1 integrado por m\u00fasicos de 4 pa\u00edses de Sudam\u00e9rica: Ramiro Olaciregui en guitarra (Argentina), Heber Peredo en piano (Bolivia), Cayo Iturralde en bajo (Ecuador) y Eduardo Suiett en bater\u00eda (Brasil). El grupo tuvo su inicio gracias al encuentro que [&hellip;]<\/p>\n","protected":false},"author":1,"featured_media":11495,"comment_status":"closed","ping_status":"closed","sticky":false,"template":"","format":"standard","meta":{"footnotes":""},"categories":[53],"tags":[],"class_list":["post-11494","post","type-post","status-publish","format-standard","has-post-thumbnail","hentry","category-noticias-generales"],"lang":"es","translations":{"es":11494,"pt":11497},"pll_sync_post":[],"post_mailing_queue_ids":[],"_links":{"self":[{"href":"http:\/\/staging.ibermusicas.org\/index.php\/wp-json\/wp\/v2\/posts\/11494","targetHints":{"allow":["GET"]}}],"collection":[{"href":"http:\/\/staging.ibermusicas.org\/index.php\/wp-json\/wp\/v2\/posts"}],"about":[{"href":"http:\/\/staging.ibermusicas.org\/index.php\/wp-json\/wp\/v2\/types\/post"}],"author":[{"embeddable":true,"href":"http:\/\/staging.ibermusicas.org\/index.php\/wp-json\/wp\/v2\/users\/1"}],"replies":[{"embeddable":true,"href":"http:\/\/staging.ibermusicas.org\/index.php\/wp-json\/wp\/v2\/comments?post=11494"}],"version-history":[{"count":1,"href":"http:\/\/staging.ibermusicas.org\/index.php\/wp-json\/wp\/v2\/posts\/11494\/revisions"}],"predecessor-version":[{"id":11496,"href":"http:\/\/staging.ibermusicas.org\/index.php\/wp-json\/wp\/v2\/posts\/11494\/revisions\/11496"}],"wp:featuredmedia":[{"embeddable":true,"href":"http:\/\/staging.ibermusicas.org\/index.php\/wp-json\/wp\/v2\/media\/11495"}],"wp:attachment":[{"href":"http:\/\/staging.ibermusicas.org\/index.php\/wp-json\/wp\/v2\/media?parent=11494"}],"wp:term":[{"taxonomy":"category","embeddable":true,"href":"http:\/\/staging.ibermusicas.org\/index.php\/wp-json\/wp\/v2\/categories?post=11494"},{"taxonomy":"post_tag","embeddable":true,"href":"http:\/\/staging.ibermusicas.org\/index.php\/wp-json\/wp\/v2\/tags?post=11494"}],"curies":[{"name":"wp","href":"https:\/\/api.w.org\/{rel}","templated":true}]}}