{"id":11525,"date":"2022-04-04T18:44:39","date_gmt":"2022-04-04T18:44:39","guid":{"rendered":"http:\/\/staging.ibermusicas.org\/?p=11525"},"modified":"2022-05-03T20:40:59","modified_gmt":"2022-05-03T20:40:59","slug":"do-mexico-soma-corpos-em-espaco-estreia-tres-obras","status":"publish","type":"post","link":"http:\/\/staging.ibermusicas.org\/index.php\/do-mexico-soma-corpos-em-espaco-estreia-tres-obras\/","title":{"rendered":"Do M\u00e9xico, SOMA &#8211; Corpos em espa\u00e7o, estreia tr\u00eas obras"},"content":{"rendered":"<p>SOMA &#8211; Corpos em espa\u00e7o aberto consiste na estreia, coloca\u00e7\u00e3o no espa\u00e7o, filmagem e posterior reflex\u00e3o de tr\u00eas novas obras que conformam uma s\u00e9rie com profundos interesses em comum ao mesmo tempo que tem semelhan\u00e7as na sua \u00abcoloca\u00e7\u00e3o em cena no espa\u00e7o\u00bb. S\u00e3o propostas que v\u00e3o al\u00e9m da pr\u00f3pria m\u00fasica, da id\u00e9ia de espectador, de escuta, de instrumento musical; obras que abrem horizontes novos, que expandem os limites da escrita, da experi\u00eancia ac\u00fastica e da rela\u00e7\u00e3o entre corpo, espa\u00e7o e som.<\/p>\n<p>Na \u201cInstru\u00e7\u00e3o\u201d 3 de Alan Manr\u00edquez, um objeto com instru\u00e7\u00f5es propicia um evento; um ser humano sob uma \u00e1rvore cheia de p\u00e1ssaros, que chiam, assobiam e trinam, manipula seu aparelho auditivo enquanto observa o ocaso. Para o sujeito, o sol e o horizonte se convertem em sinal de tempo; suas rela\u00e7\u00f5es de proximidade, em sinais para exercer mudan\u00e7as sobre seu corpo; mudan\u00e7as que formam ao som que escuta; O ato de escuta torna-se assim um em que o sujeito interv\u00e9m nessa experi\u00eancia, n\u00e3o a partir de manipular as fontes, mas de manipular-se a si mesmo.<\/p>\n<p>Em \u201cS\u00edsifo\u201d de Samuel Cedillo, S\u00edsifo sobe eternamente uma roda met\u00e1lica que em seu interior cont\u00e9m uma s\u00e9rie de objetos sonoros. Sobe uma colina, enquanto sobe, murmura para si, num di\u00e1logo interior, vai refletindo sobre sua condi\u00e7\u00e3o; enquanto baixa, continua murmurando, desta vez, reflete sobre os murm\u00farios distantes dos homens, l\u00e1 em cima, fora, sobre a superf\u00edcie terrestre, a quem tem escutado, gera\u00e7\u00e3o ap\u00f3s gera\u00e7\u00e3o, nascer, andar, cair e morrer uma e outra vez. O p\u00fablico existe ou n\u00e3o, pode ou n\u00e3o haver uma testemunha; S\u00edsifo j\u00e1 est\u00e1 subindo sua roda antes da chegada de qualquer espectador, S\u00edsifo continua mesmo depois da partida do \u00faltimo espectador. S\u00edsifo sobe, para si, murmura para si, eternamente. O corpo deste S\u00edsifo n\u00e3o agir\u00e1, n\u00e3o representar\u00e1, n\u00e3o fingir\u00e1: encarnar\u00e1 a sua trag\u00e9dia, por sua vez, encarnar\u00e1, como met\u00e1fora, a trag\u00e9dia humana.<\/p>\n<p>Em \u201cCaminho\u201d de Andr\u00e9s Guadarrama, um indiv\u00edduo realiza uma caminhada a campo aberto portando uma vestimenta que cobre a totalidade de seu corpo. A vestimenta \u00e9 composta por m\u00faltiplas camadas de objetos que se movem e soam ao caminhar. O indiv\u00edduo reconhece o ambiente em que se move: o vento sacode-o, um rio arrasta-o, dan\u00e7a com as folhas das \u00e1rvores que est\u00e3o sobre ele, seu corpo range como as rochas que escala. Conforme avan\u00e7a se despoja de cada camada de sua vestimenta, como \u00fanico registro de sua experi\u00eancia. O indiv\u00edduo fica nu, totalmente dedicado ao seu ambiente, em comunh\u00e3o com ele.<\/p>\n<p>As vers\u00f5es cinematogr\u00e1ficas das tr\u00eas pe\u00e7as ser\u00e3o realizadas por Flor Malfatto.<\/p>\n<p>5 de abril, 19:00 horas (hor\u00e1rio do centro do M\u00e9xico):Instru\u00e7\u00e3o 3 para uma escuta sob \u00e1rvore com p\u00e1ssaros de Alan Manr\u00edquez<br \/>\n6 de abril, 19:00 horas (hor\u00e1rio do centro do M\u00e9xico): S\u00edsifo para corpo com roda sobre colina de Samuel Cedillo<br \/>\n07 de abril, 19:00 horas (hor\u00e1rio do centro do M\u00e9xico): Caminho para corpo andante em espa\u00e7o aberto de Andr\u00e9s Guadarrama<br \/>\n08 de abril, 19:00 horas (hor\u00e1rio do centro do M\u00e9xico): conversat\u00f3rio moderado por Nicol\u00e1s Varchausky da Escola Universit\u00e1ria de Artes de Quilmes, Argentina<\/p>\n<p>Canal de Youtube:<br \/>\n<a href=\"https:\/\/lt.mydplr.com\/a1a98c87411a3f4d7eb80929e13d8d8e-81868bec073b3970fa62af291f12b42d\" target=\"_blank\" rel=\"noopener\" data-saferedirecturl=\"https:\/\/www.google.com\/url?hl=es&amp;q=https:\/\/lt.mydplr.com\/a1a98c87411a3f4d7eb80929e13d8d8e-81868bec073b3970fa62af291f12b42d&amp;source=gmail&amp;ust=1649183907826000&amp;usg=AOvVaw3kbiPHd1V0QtHat359EqKL\">Youtube<\/a><\/p>\n","protected":false},"excerpt":{"rendered":"<p>SOMA &#8211; Corpos em espa\u00e7o aberto consiste na estreia, coloca\u00e7\u00e3o no espa\u00e7o, filmagem e posterior reflex\u00e3o de tr\u00eas novas obras que conformam uma s\u00e9rie com profundos interesses em comum ao mesmo tempo que tem semelhan\u00e7as na sua \u00abcoloca\u00e7\u00e3o em cena no espa\u00e7o\u00bb. S\u00e3o propostas que v\u00e3o al\u00e9m da pr\u00f3pria m\u00fasica, da id\u00e9ia de espectador, de [&hellip;]<\/p>\n","protected":false},"author":1,"featured_media":11523,"comment_status":"closed","ping_status":"closed","sticky":false,"template":"","format":"standard","meta":{"footnotes":""},"categories":[218],"tags":[],"class_list":["post-11525","post","type-post","status-publish","format-standard","has-post-thumbnail","hentry","category-noticias-generales-pt"],"lang":"pt","translations":{"pt":11525,"es":11522},"pll_sync_post":[],"post_mailing_queue_ids":[],"_links":{"self":[{"href":"http:\/\/staging.ibermusicas.org\/index.php\/wp-json\/wp\/v2\/posts\/11525","targetHints":{"allow":["GET"]}}],"collection":[{"href":"http:\/\/staging.ibermusicas.org\/index.php\/wp-json\/wp\/v2\/posts"}],"about":[{"href":"http:\/\/staging.ibermusicas.org\/index.php\/wp-json\/wp\/v2\/types\/post"}],"author":[{"embeddable":true,"href":"http:\/\/staging.ibermusicas.org\/index.php\/wp-json\/wp\/v2\/users\/1"}],"replies":[{"embeddable":true,"href":"http:\/\/staging.ibermusicas.org\/index.php\/wp-json\/wp\/v2\/comments?post=11525"}],"version-history":[{"count":1,"href":"http:\/\/staging.ibermusicas.org\/index.php\/wp-json\/wp\/v2\/posts\/11525\/revisions"}],"predecessor-version":[{"id":11526,"href":"http:\/\/staging.ibermusicas.org\/index.php\/wp-json\/wp\/v2\/posts\/11525\/revisions\/11526"}],"wp:featuredmedia":[{"embeddable":true,"href":"http:\/\/staging.ibermusicas.org\/index.php\/wp-json\/wp\/v2\/media\/11523"}],"wp:attachment":[{"href":"http:\/\/staging.ibermusicas.org\/index.php\/wp-json\/wp\/v2\/media?parent=11525"}],"wp:term":[{"taxonomy":"category","embeddable":true,"href":"http:\/\/staging.ibermusicas.org\/index.php\/wp-json\/wp\/v2\/categories?post=11525"},{"taxonomy":"post_tag","embeddable":true,"href":"http:\/\/staging.ibermusicas.org\/index.php\/wp-json\/wp\/v2\/tags?post=11525"}],"curies":[{"name":"wp","href":"https:\/\/api.w.org\/{rel}","templated":true}]}}