{"id":11530,"date":"2022-04-04T18:57:12","date_gmt":"2022-04-04T18:57:12","guid":{"rendered":"http:\/\/staging.ibermusicas.org\/?p=11530"},"modified":"2022-04-04T18:57:12","modified_gmt":"2022-04-04T18:57:12","slug":"do-mexico-o-cmmas-continua-com-os-concertos-da-edicao-2022-do-festival-perspectivas-sonoras","status":"publish","type":"post","link":"http:\/\/staging.ibermusicas.org\/index.php\/do-mexico-o-cmmas-continua-com-os-concertos-da-edicao-2022-do-festival-perspectivas-sonoras\/","title":{"rendered":"Do M\u00e9xico, o CMMAS continua com os concertos da edi\u00e7\u00e3o 2022 do Festival Perspectivas Sonoras"},"content":{"rendered":"<p>Perspectivas Sonoras 2022 \u00e9 um ciclo de concertos em linha e mesas redondas a desenvolver-se entre mar\u00e7o e outubro de 2022, organizadas pelo Centro Mexicano para a M\u00fasica e as ArtesSonoras. Apresentam-se 24 concertos e 6 mesas redondas com 25 artistas internacionais. Cada concerto apresentar\u00e1 entre 5 e 6 pe\u00e7as dando um total de 120 a 150 obras, incluindo estreias mundiais e no M\u00e9xico<\/p>\n<p>Perspectivas Sonoras 2022 tem como objetivos espec\u00edficos: promover e difundir a m\u00fasica e a arte sonora ibero-americana, fomentar a cria\u00e7\u00e3o art\u00edstica, retomar atividades art\u00edsticas do CMMAS e dos artistas latino-americanos, contribuir para a reativa\u00e7\u00e3o e fortalecimento do desenvolvimento art\u00edstico no M\u00e9xico e dialogar, refletir e conceber novas formas de desenvolvimento, exibi\u00e7\u00e3o, promo\u00e7\u00e3o da m\u00fasica e a arte sonora para o futuro.<\/p>\n<p>6 de abril Manuel Rocha Iturbide (M\u00e9xico)<br \/>\n20 de abril Ricardo de Armas (Argentina)<\/p>\n<p><a href=\"https:\/\/lt.mydplr.com\/4c90e5335a109c2a3537310b953dfeba-81868bec073b3970fa62af291f12b42d\" target=\"_blank\" rel=\"noopener\" data-saferedirecturl=\"https:\/\/www.google.com\/url?hl=es&amp;q=https:\/\/lt.mydplr.com\/4c90e5335a109c2a3537310b953dfeba-81868bec073b3970fa62af291f12b42d&amp;source=gmail&amp;ust=1649183907825000&amp;usg=AOvVaw1aoYli-JAzXLV03FD8vW4o\">Youtube<\/a><\/p>\n","protected":false},"excerpt":{"rendered":"<p>Perspectivas Sonoras 2022 \u00e9 um ciclo de concertos em linha e mesas redondas a desenvolver-se entre mar\u00e7o e outubro de 2022, organizadas pelo Centro Mexicano para a M\u00fasica e as ArtesSonoras. Apresentam-se 24 concertos e 6 mesas redondas com 25 artistas internacionais. Cada concerto apresentar\u00e1 entre 5 e 6 pe\u00e7as dando um total de 120 [&hellip;]<\/p>\n","protected":false},"author":1,"featured_media":11528,"comment_status":"closed","ping_status":"closed","sticky":false,"template":"","format":"standard","meta":{"footnotes":""},"categories":[218],"tags":[],"class_list":["post-11530","post","type-post","status-publish","format-standard","has-post-thumbnail","hentry","category-noticias-generales-pt"],"lang":"pt","translations":{"pt":11530,"es":11527},"pll_sync_post":[],"post_mailing_queue_ids":[],"_links":{"self":[{"href":"http:\/\/staging.ibermusicas.org\/index.php\/wp-json\/wp\/v2\/posts\/11530","targetHints":{"allow":["GET"]}}],"collection":[{"href":"http:\/\/staging.ibermusicas.org\/index.php\/wp-json\/wp\/v2\/posts"}],"about":[{"href":"http:\/\/staging.ibermusicas.org\/index.php\/wp-json\/wp\/v2\/types\/post"}],"author":[{"embeddable":true,"href":"http:\/\/staging.ibermusicas.org\/index.php\/wp-json\/wp\/v2\/users\/1"}],"replies":[{"embeddable":true,"href":"http:\/\/staging.ibermusicas.org\/index.php\/wp-json\/wp\/v2\/comments?post=11530"}],"version-history":[{"count":1,"href":"http:\/\/staging.ibermusicas.org\/index.php\/wp-json\/wp\/v2\/posts\/11530\/revisions"}],"predecessor-version":[{"id":11531,"href":"http:\/\/staging.ibermusicas.org\/index.php\/wp-json\/wp\/v2\/posts\/11530\/revisions\/11531"}],"wp:featuredmedia":[{"embeddable":true,"href":"http:\/\/staging.ibermusicas.org\/index.php\/wp-json\/wp\/v2\/media\/11528"}],"wp:attachment":[{"href":"http:\/\/staging.ibermusicas.org\/index.php\/wp-json\/wp\/v2\/media?parent=11530"}],"wp:term":[{"taxonomy":"category","embeddable":true,"href":"http:\/\/staging.ibermusicas.org\/index.php\/wp-json\/wp\/v2\/categories?post=11530"},{"taxonomy":"post_tag","embeddable":true,"href":"http:\/\/staging.ibermusicas.org\/index.php\/wp-json\/wp\/v2\/tags?post=11530"}],"curies":[{"name":"wp","href":"https:\/\/api.w.org\/{rel}","templated":true}]}}