{"id":11537,"date":"2022-04-04T19:26:25","date_gmt":"2022-04-04T19:26:25","guid":{"rendered":"http:\/\/staging.ibermusicas.org\/?p=11537"},"modified":"2022-05-03T20:38:41","modified_gmt":"2022-05-03T20:38:41","slug":"se-estrena-la-obra-solo-del-compositor-colombiano-jesus-buendia-puyo-que-fue-ganador-del-concurso-ibermusicas-de-composicion-y-estreno-de-obra-2020","status":"publish","type":"post","link":"http:\/\/staging.ibermusicas.org\/index.php\/se-estrena-la-obra-solo-del-compositor-colombiano-jesus-buendia-puyo-que-fue-ganador-del-concurso-ibermusicas-de-composicion-y-estreno-de-obra-2020\/","title":{"rendered":"Se estrena la obra \u00abSolo\u00bb del compositor colombiano Jes\u00fas Buend\u00eda Puyo que fue ganador del Concurso Iberm\u00fasicas de Composici\u00f3n y Estreno de Obra 2020"},"content":{"rendered":"<p>En la sala M\u00e1rio Tavares del Theatro Municipal de R\u00edo de Janeiro y con entrada libre y gratuita, Abstrai Ensemble de Brasil har\u00e1 el estreno mundial de la obra \u00abSolo\u00bb del compositor colombiano Jes\u00fas Buend\u00eda Puyo. La obra fue una de las ganadoras del Primer Concurso Iberm\u00fasicas de Composici\u00f3n y Estreno de obra del a\u00f1o 2021.<\/p>\n<p>Abstrai Ensemble es el principal grupo de m\u00fasica de c\u00e1mara contempor\u00e1nea en R\u00edo de Janeiro. Fue fundado en Francia en 2005. En 2020 el Abstrai Ensemble celebr\u00f3 15 a\u00f1os de intensas actividades musicales. El grupo de geometr\u00eda variable ya estren\u00f3 decenas de obras musicales brasile\u00f1as y extranjeras, la mayor\u00eda de las veces escritas especialmente para ellos. Desde 2011 se ha presentado en los principales festivales y salas de conciertos brasile\u00f1as, adem\u00e1s de una gira por M\u00e9xico en 2014, con apoyo de Iberm\u00fasicas.<\/p>\n<p>Est\u00e1 integrado por instrumentistas y compositores de renombre profesional y se dedica al repertorio musical de los siglos XX y XXI, principalmente en colaboraci\u00f3n con compositores vivos y exponentes del siglo XX. Adem\u00e1s de piezas musicales instrumentales y vocales, el grupo utiliza regularmente en sus conciertos las \u00faltimas tecnolog\u00edas digitales, como la electroac\u00fastica y la m\u00fasica mixta. El Abstrai Ensemble contribuye a la formaci\u00f3n de p\u00fablico de m\u00fasica de concierto en Brasil y tambi\u00e9n se dedica a actividades pedag\u00f3gicas y de investigaci\u00f3n tales como: talleres, masterclasses, encuentros de interpretaci\u00f3n musical\/composici\u00f3n, grupos de investigaci\u00f3n y conciertos comentados.<\/p>\n<p>En 2018 el Abstrai Ensemble lanz\u00f3 su primer CD titulado \u00abExperiencia\u00bb, con direcci\u00f3n art\u00edstica del fundador del grupo, el saxofonista, profesor e investigador Pedro Bitencourt. \u00abExperiencia\u00bb es una producci\u00f3n independiente disponible en CD f\u00edsico y en las principales plataformas digitales. Fue editado por el sello La Casa Estudio.<\/p>\n<p>El Abstrai Ensemble puede ser visto como un instrumento no solo de difusi\u00f3n de cultura, sino tambi\u00e9n de su producci\u00f3n, contribuyendo a la diversidad musical en Iberoam\u00e9rica. El Abstrai Ensemble hace m\u00fasica del siglo XX y XXI para quien vive en el siglo XXI<\/p>\n<p>Jueves 7 de abril 19:00 hs. Sala M\u00e1rio Tavares, Teatro Municipal de R\u00edo de Janeiro<\/p>\n","protected":false},"excerpt":{"rendered":"<p>En la sala M\u00e1rio Tavares del Theatro Municipal de R\u00edo de Janeiro y con entrada libre y gratuita, Abstrai Ensemble de Brasil har\u00e1 el estreno mundial de la obra \u00abSolo\u00bb del compositor colombiano Jes\u00fas Buend\u00eda Puyo. La obra fue una de las ganadoras del Primer Concurso Iberm\u00fasicas de Composici\u00f3n y Estreno de obra del a\u00f1o [&hellip;]<\/p>\n","protected":false},"author":1,"featured_media":11538,"comment_status":"closed","ping_status":"closed","sticky":false,"template":"","format":"standard","meta":{"footnotes":""},"categories":[53],"tags":[],"class_list":["post-11537","post","type-post","status-publish","format-standard","has-post-thumbnail","hentry","category-noticias-generales"],"lang":"es","translations":{"es":11537,"pt":11540},"pll_sync_post":[],"post_mailing_queue_ids":[],"_links":{"self":[{"href":"http:\/\/staging.ibermusicas.org\/index.php\/wp-json\/wp\/v2\/posts\/11537","targetHints":{"allow":["GET"]}}],"collection":[{"href":"http:\/\/staging.ibermusicas.org\/index.php\/wp-json\/wp\/v2\/posts"}],"about":[{"href":"http:\/\/staging.ibermusicas.org\/index.php\/wp-json\/wp\/v2\/types\/post"}],"author":[{"embeddable":true,"href":"http:\/\/staging.ibermusicas.org\/index.php\/wp-json\/wp\/v2\/users\/1"}],"replies":[{"embeddable":true,"href":"http:\/\/staging.ibermusicas.org\/index.php\/wp-json\/wp\/v2\/comments?post=11537"}],"version-history":[{"count":1,"href":"http:\/\/staging.ibermusicas.org\/index.php\/wp-json\/wp\/v2\/posts\/11537\/revisions"}],"predecessor-version":[{"id":11539,"href":"http:\/\/staging.ibermusicas.org\/index.php\/wp-json\/wp\/v2\/posts\/11537\/revisions\/11539"}],"wp:featuredmedia":[{"embeddable":true,"href":"http:\/\/staging.ibermusicas.org\/index.php\/wp-json\/wp\/v2\/media\/11538"}],"wp:attachment":[{"href":"http:\/\/staging.ibermusicas.org\/index.php\/wp-json\/wp\/v2\/media?parent=11537"}],"wp:term":[{"taxonomy":"category","embeddable":true,"href":"http:\/\/staging.ibermusicas.org\/index.php\/wp-json\/wp\/v2\/categories?post=11537"},{"taxonomy":"post_tag","embeddable":true,"href":"http:\/\/staging.ibermusicas.org\/index.php\/wp-json\/wp\/v2\/tags?post=11537"}],"curies":[{"name":"wp","href":"https:\/\/api.w.org\/{rel}","templated":true}]}}