{"id":11540,"date":"2022-04-04T19:27:47","date_gmt":"2022-04-04T19:27:47","guid":{"rendered":"http:\/\/staging.ibermusicas.org\/?p=11540"},"modified":"2022-05-03T20:40:46","modified_gmt":"2022-05-03T20:40:46","slug":"estreia-se-a-obra-solo-do-compositor-colombiano-jesus-buendia-puyo-que-foi-vencedor-do-concurso-ibermusicas-de-composicao-e-estreia-de-obra-2020","status":"publish","type":"post","link":"http:\/\/staging.ibermusicas.org\/index.php\/estreia-se-a-obra-solo-do-compositor-colombiano-jesus-buendia-puyo-que-foi-vencedor-do-concurso-ibermusicas-de-composicao-e-estreia-de-obra-2020\/","title":{"rendered":"Estreia-se a obra \u201cS\u00f3lo\u201d do compositor colombiano Jes\u00fas Buend\u00eda Puyo que foi vencedor do Concurso Iberm\u00fasicas de Composi\u00e7\u00e3o e Estreia de Obra 2020"},"content":{"rendered":"<p>Na sala M\u00e1rio Tavares do Theatro Municipal do Rio de Janeiro e com entrada franca o Abstrai Ensemble de Brasil far\u00e1 a estreia mundial da obra \u201cS\u00f3lo\u201d do compositor colombiano Jes\u00fas Buend\u00eda Puyo. A obra foi uma das vencedoras do Primeiro Concurso Iberm\u00fasicas de Composi\u00e7\u00e3o e Estreia de Obra do ano 2021.<\/p>\n<p>Abstrai Ensemble \u00e9 o principal grupo de m\u00fasica de c\u00e2mara contempor\u00e2nea no Rio de Janeiro. Foi fundado na Fran\u00e7a em 2005. Em 2020 o Abstrai Ensemble comemorou 15 anos de intensas atividades musicais. O grupo de geometria vari\u00e1vel j\u00e1 estreou dezenas de obras musicais brasileiras e estrangeiras, na maioria das vezes escritas especialmente para eles. Desde 2011 tem se apresentado nos principais festivais e salas de concerto brasileiras, al\u00e9m de uma turn\u00ea pelo M\u00e9xico em 2014, com apoio do Iberm\u00fasicas.<\/p>\n<p>\u00c9 integrado por instrumentistas e compositores de renomada carreira e se dedica ao repert\u00f3rio musical dos s\u00e9culos XX e XXI, principalmente em colabora\u00e7\u00e3o com compositores vivos e expoentes do s\u00e9culo XX. Al\u00e9m de pe\u00e7as musicais instrumentais e vocais, o grupo utiliza regularmente nos seus concertos as \u00faltimas tecnologias digitais, como a eletroac\u00fastica e a m\u00fasica mista. O Abstrai Ensemble contribui pela forma\u00e7\u00e3o de p\u00fablico de m\u00fasica de concerto no Brasil e tamb\u00e9m se dedica a atividades pedag\u00f3gicas e de pesquisa tais como: oficinas, master-classes, encontros de interpreta\u00e7\u00e3o musical\/composi\u00e7\u00e3o, grupos de pesquisa e concertos comentados.<\/p>\n<p>Em 2018 o Abstrai Ensemble lan\u00e7ou o seu primeiro CD intitulado \u201cExperi\u00eancia\u201d, com dire\u00e7\u00e3o art\u00edstica do fundador do grupo, o saxofonista, professor e pesquisador Pedro Bitencourt. \u201cExperi\u00eancia\u201d \u00e9 uma produ\u00e7\u00e3o independente disponibilizada em CD f\u00edsico e nas principais plataformas digitais. Foi editado pelo selo A Casa Est\u00fadio.<\/p>\n<p>O Abstrai Ensemble pode ser visto como um instrumento n\u00e3o s\u00f3 de difus\u00e3o de cultura, mas tamb\u00e9m da sua produ\u00e7\u00e3o, contribuindo pela diversidade musical na Ibero-Am\u00e9rica. O Abstrai Ensemble faz m\u00fasica do s\u00e9culo XX e XXI para quem vive no s\u00e9culo XXI<\/p>\n<p>Quinta-feira 7 de abril 19:00 hs. Sala M\u00e1rio Tavares, Theatro Municipal de Rio de Janeiro<\/p>\n","protected":false},"excerpt":{"rendered":"<p>Na sala M\u00e1rio Tavares do Theatro Municipal do Rio de Janeiro e com entrada franca o Abstrai Ensemble de Brasil far\u00e1 a estreia mundial da obra \u201cS\u00f3lo\u201d do compositor colombiano Jes\u00fas Buend\u00eda Puyo. A obra foi uma das vencedoras do Primeiro Concurso Iberm\u00fasicas de Composi\u00e7\u00e3o e Estreia de Obra do ano 2021. Abstrai Ensemble \u00e9 [&hellip;]<\/p>\n","protected":false},"author":1,"featured_media":11538,"comment_status":"closed","ping_status":"closed","sticky":false,"template":"","format":"standard","meta":{"footnotes":""},"categories":[218],"tags":[],"class_list":["post-11540","post","type-post","status-publish","format-standard","has-post-thumbnail","hentry","category-noticias-generales-pt"],"lang":"pt","translations":{"pt":11540,"es":11537},"pll_sync_post":[],"post_mailing_queue_ids":[],"_links":{"self":[{"href":"http:\/\/staging.ibermusicas.org\/index.php\/wp-json\/wp\/v2\/posts\/11540","targetHints":{"allow":["GET"]}}],"collection":[{"href":"http:\/\/staging.ibermusicas.org\/index.php\/wp-json\/wp\/v2\/posts"}],"about":[{"href":"http:\/\/staging.ibermusicas.org\/index.php\/wp-json\/wp\/v2\/types\/post"}],"author":[{"embeddable":true,"href":"http:\/\/staging.ibermusicas.org\/index.php\/wp-json\/wp\/v2\/users\/1"}],"replies":[{"embeddable":true,"href":"http:\/\/staging.ibermusicas.org\/index.php\/wp-json\/wp\/v2\/comments?post=11540"}],"version-history":[{"count":1,"href":"http:\/\/staging.ibermusicas.org\/index.php\/wp-json\/wp\/v2\/posts\/11540\/revisions"}],"predecessor-version":[{"id":11541,"href":"http:\/\/staging.ibermusicas.org\/index.php\/wp-json\/wp\/v2\/posts\/11540\/revisions\/11541"}],"wp:featuredmedia":[{"embeddable":true,"href":"http:\/\/staging.ibermusicas.org\/index.php\/wp-json\/wp\/v2\/media\/11538"}],"wp:attachment":[{"href":"http:\/\/staging.ibermusicas.org\/index.php\/wp-json\/wp\/v2\/media?parent=11540"}],"wp:term":[{"taxonomy":"category","embeddable":true,"href":"http:\/\/staging.ibermusicas.org\/index.php\/wp-json\/wp\/v2\/categories?post=11540"},{"taxonomy":"post_tag","embeddable":true,"href":"http:\/\/staging.ibermusicas.org\/index.php\/wp-json\/wp\/v2\/tags?post=11540"}],"curies":[{"name":"wp","href":"https:\/\/api.w.org\/{rel}","templated":true}]}}