{"id":11556,"date":"2022-04-07T19:06:39","date_gmt":"2022-04-07T19:06:39","guid":{"rendered":"http:\/\/staging.ibermusicas.org\/?p=11556"},"modified":"2022-05-03T20:40:36","modified_gmt":"2022-05-03T20:40:36","slug":"de-portugal-com-oficinas-e-conferencias-continua-vozes-itinerantes-uma-plataforma-sobre-as-multiplas-manifestacoes-da-voz-humana","status":"publish","type":"post","link":"http:\/\/staging.ibermusicas.org\/index.php\/de-portugal-com-oficinas-e-conferencias-continua-vozes-itinerantes-uma-plataforma-sobre-as-multiplas-manifestacoes-da-voz-humana\/","title":{"rendered":"De Portugal, com oficinas e confer\u00eancias continua \u00abVozes Itinerantes\u00bb, uma plataforma sobre as m\u00faltiplas manifesta\u00e7\u00f5es da voz humana"},"content":{"rendered":"<p>O Projeto Vozes Itinerantes criado e dirigido por Vera Marques (Portugal) e Felipe Augusto (Brasil) \u00e9 uma plataforma de investiga\u00e7\u00e3o e partilha sobre a pot\u00eancia afetiva e pol\u00edtica da voz em suas m\u00faltiplas manifesta\u00e7\u00f5es, seja na m\u00fasica, na oralidade ou na escrita. O projeto ganhar\u00e1 forma sob o formato de oficinas de canto e conversas entre artistas &#8211; gratuitas e abertas ao p\u00fablico mediante inscri\u00e7\u00e3o. Nesta edi\u00e7\u00e3o o projecto indaga sobre os usos da voz na m\u00fasica ibero-americana, tendo o foco em dois eixos: por um lado, artistas que integram a tradi\u00e7\u00e3o com o contempor\u00e2neo, trazendo novas perspectivas vocais e sonoras \u00e0 m\u00fasica popular e ao folclore, e por outro, artistas da m\u00fasica eletr\u00f4nica e experimental que tenham a voz, o corpo e a oralidade como elementos fundamentais de seus trabalhos. O programa conta com: Bruja del Texcoco (M\u00e9xico), Ilessi (Brasil), Roseane Santos (Brasil), Soema Montenegro (Argentina), Carincur (Portugal), Edgar Valente (Portugal), Diego El Gavi (Portugal) e Pu\u00e7anga (Portugal).<\/p>\n<p>S\u00e1bado 9 de Abril, Oficina on line com Carincur 18:00h PT \/ 14:00h BR e AR \/ 12:00h MEX. Inscri\u00e7\u00e3o aqui:\u00a0<a href=\"https:\/\/lt.mydplr.com\/248d5ecaa6509333e2e4289d98c0d840-81868bec073b3970fa62af291f12b42d\" target=\"_blank\" rel=\"noopener\" data-saferedirecturl=\"https:\/\/www.google.com\/url?hl=es&amp;q=https:\/\/lt.mydplr.com\/248d5ecaa6509333e2e4289d98c0d840-81868bec073b3970fa62af291f12b42d&amp;source=gmail&amp;ust=1649443942068000&amp;usg=AOvVaw3cjpjQWaEF107kiB0a-vYz\">aqu\u00ed<\/a><\/p>\n<p>Domingo 10 de abril, Conversa Pu\u00e7anga e Carincur 18:00h PT \/ 14:00h BR e AR \/ 12:00h MEX.\u00a0<a href=\"https:\/\/lt.mydplr.com\/102b82ee8a05ffab9f867b2a42e8c26d-81868bec073b3970fa62af291f12b42d\" target=\"_blank\" rel=\"noopener\" data-saferedirecturl=\"https:\/\/www.google.com\/url?hl=es&amp;q=https:\/\/lt.mydplr.com\/102b82ee8a05ffab9f867b2a42e8c26d-81868bec073b3970fa62af291f12b42d&amp;source=gmail&amp;ust=1649443942068000&amp;usg=AOvVaw11PigjxF4XxerAuxI-2gvu\">Zoom<\/a><\/p>\n<p>S\u00e1bado 16 de Abril, Oficina on line com Pu\u00e7anga 18:00h PT \/ 14:00h BR e AR \/ 12:00h MEX. Inscri\u00e7\u00e3o aqui:\u00a0<a href=\"https:\/\/lt.mydplr.com\/15aba9f0315a97e3a14bbc23edc25306-81868bec073b3970fa62af291f12b42d\" target=\"_blank\" rel=\"noopener\" data-saferedirecturl=\"https:\/\/www.google.com\/url?hl=es&amp;q=https:\/\/lt.mydplr.com\/15aba9f0315a97e3a14bbc23edc25306-81868bec073b3970fa62af291f12b42d&amp;source=gmail&amp;ust=1649443942068000&amp;usg=AOvVaw0Qm-3AF1f8l7i-TAYrGR4D\">aqu\u00ed<\/a><\/p>\n","protected":false},"excerpt":{"rendered":"<p>O Projeto Vozes Itinerantes criado e dirigido por Vera Marques (Portugal) e Felipe Augusto (Brasil) \u00e9 uma plataforma de investiga\u00e7\u00e3o e partilha sobre a pot\u00eancia afetiva e pol\u00edtica da voz em suas m\u00faltiplas manifesta\u00e7\u00f5es, seja na m\u00fasica, na oralidade ou na escrita. O projeto ganhar\u00e1 forma sob o formato de oficinas de canto e conversas [&hellip;]<\/p>\n","protected":false},"author":1,"featured_media":11554,"comment_status":"closed","ping_status":"closed","sticky":false,"template":"","format":"standard","meta":{"footnotes":""},"categories":[218],"tags":[],"class_list":["post-11556","post","type-post","status-publish","format-standard","has-post-thumbnail","hentry","category-noticias-generales-pt"],"lang":"pt","translations":{"pt":11556,"es":11553},"pll_sync_post":[],"post_mailing_queue_ids":[],"_links":{"self":[{"href":"http:\/\/staging.ibermusicas.org\/index.php\/wp-json\/wp\/v2\/posts\/11556","targetHints":{"allow":["GET"]}}],"collection":[{"href":"http:\/\/staging.ibermusicas.org\/index.php\/wp-json\/wp\/v2\/posts"}],"about":[{"href":"http:\/\/staging.ibermusicas.org\/index.php\/wp-json\/wp\/v2\/types\/post"}],"author":[{"embeddable":true,"href":"http:\/\/staging.ibermusicas.org\/index.php\/wp-json\/wp\/v2\/users\/1"}],"replies":[{"embeddable":true,"href":"http:\/\/staging.ibermusicas.org\/index.php\/wp-json\/wp\/v2\/comments?post=11556"}],"version-history":[{"count":1,"href":"http:\/\/staging.ibermusicas.org\/index.php\/wp-json\/wp\/v2\/posts\/11556\/revisions"}],"predecessor-version":[{"id":11557,"href":"http:\/\/staging.ibermusicas.org\/index.php\/wp-json\/wp\/v2\/posts\/11556\/revisions\/11557"}],"wp:featuredmedia":[{"embeddable":true,"href":"http:\/\/staging.ibermusicas.org\/index.php\/wp-json\/wp\/v2\/media\/11554"}],"wp:attachment":[{"href":"http:\/\/staging.ibermusicas.org\/index.php\/wp-json\/wp\/v2\/media?parent=11556"}],"wp:term":[{"taxonomy":"category","embeddable":true,"href":"http:\/\/staging.ibermusicas.org\/index.php\/wp-json\/wp\/v2\/categories?post=11556"},{"taxonomy":"post_tag","embeddable":true,"href":"http:\/\/staging.ibermusicas.org\/index.php\/wp-json\/wp\/v2\/tags?post=11556"}],"curies":[{"name":"wp","href":"https:\/\/api.w.org\/{rel}","templated":true}]}}