{"id":11629,"date":"2022-04-29T16:14:39","date_gmt":"2022-04-29T16:14:39","guid":{"rendered":"http:\/\/staging.ibermusicas.org\/?p=11629"},"modified":"2022-06-30T18:49:33","modified_gmt":"2022-06-30T18:49:33","slug":"en-la-ciudad-de-jaco-costa-rica-se-llevo-a-cabo-la-xix-consejo-intergubernamental-presencial-del-programa-ibermusicas-intergubernamental-del-programa-de-fomento-a-las-musicas-iberoamericanas-ibermus","status":"publish","type":"post","link":"http:\/\/staging.ibermusicas.org\/index.php\/en-la-ciudad-de-jaco-costa-rica-se-llevo-a-cabo-la-xix-consejo-intergubernamental-presencial-del-programa-ibermusicas-intergubernamental-del-programa-de-fomento-a-las-musicas-iberoamericanas-ibermus\/","title":{"rendered":"En la ciudad de Jac\u00f3, Costa Rica se llev\u00f3 a cabo la XIX Consejo Intergubernamental Presencial del Programa IBERM\u00daSICAS"},"content":{"rendered":"<p>Entre los d\u00edas 27 y 29 de abril, en Jac\u00f3, Costa Rica, se llev\u00f3 a cabo la D\u00e9cimo Novena Reuni\u00f3n del Consejo Intergubernamental del Programa de Fomento de las M\u00fasicas Iberoamericanas, Iberm\u00fasicas; con la participaci\u00f3n de representantes de Argentina, Brasil, Chile, Colombia, Costa Rica, Cuba, Ecuador, M\u00e9xico, Panam\u00e1, Paraguay, Portugal, Per\u00fa, Uruguay y la Unidad T\u00e9cnica Iberm\u00fasicas. La reuni\u00f3n cont\u00f3 con la participaci\u00f3n, en calidad de pa\u00eds invitado observador del Estado Plurinacional de Bolivia en la persona de Sabina Orellana Cruz, Ministra de Culturas, Descolonizaci\u00f3n y Despatriarcalizaci\u00f3n.<\/p>\n<p>Se trat\u00f3 de tres d\u00edas de intenso e ininterrumpido trabajo en el que se elaboraron las bases de los concursos que ser\u00e1n lanzados prontamente, se evaluaron las acciones realizadas por el programa durante el a\u00f1o anterior, se analizaron indicadores y se planificaron nuevas acciones a ser implementadas en el corto y mediano plazo.<\/p>\n<p>Tras dos a\u00f1os de reuniones virtuales, \u00e9ste fue el primer encuentro en modalidad presencial. Nos sentimos felices con el trabajo realizado y estamos firmemente convencidos de que los proyectos desarrollados y los acuerdos alcanzados generar\u00e1n acciones virtuosas para todo el sector musical iberoamericano.<\/p>\n","protected":false},"excerpt":{"rendered":"<p>Entre los d\u00edas 27 y 29 de abril, en Jac\u00f3, Costa Rica, se llev\u00f3 a cabo la D\u00e9cimo Novena Reuni\u00f3n del Consejo Intergubernamental del Programa de Fomento de las M\u00fasicas Iberoamericanas, Iberm\u00fasicas; con la participaci\u00f3n de representantes de Argentina, Brasil, Chile, Colombia, Costa Rica, Cuba, Ecuador, M\u00e9xico, Panam\u00e1, Paraguay, Portugal, Per\u00fa, Uruguay y la Unidad [&hellip;]<\/p>\n","protected":false},"author":1,"featured_media":11630,"comment_status":"closed","ping_status":"closed","sticky":false,"template":"","format":"standard","meta":{"footnotes":""},"categories":[53],"tags":[],"class_list":["post-11629","post","type-post","status-publish","format-standard","has-post-thumbnail","hentry","category-noticias-generales"],"lang":"es","translations":{"es":11629,"pt":11635},"pll_sync_post":[],"post_mailing_queue_ids":[],"_links":{"self":[{"href":"http:\/\/staging.ibermusicas.org\/index.php\/wp-json\/wp\/v2\/posts\/11629","targetHints":{"allow":["GET"]}}],"collection":[{"href":"http:\/\/staging.ibermusicas.org\/index.php\/wp-json\/wp\/v2\/posts"}],"about":[{"href":"http:\/\/staging.ibermusicas.org\/index.php\/wp-json\/wp\/v2\/types\/post"}],"author":[{"embeddable":true,"href":"http:\/\/staging.ibermusicas.org\/index.php\/wp-json\/wp\/v2\/users\/1"}],"replies":[{"embeddable":true,"href":"http:\/\/staging.ibermusicas.org\/index.php\/wp-json\/wp\/v2\/comments?post=11629"}],"version-history":[{"count":3,"href":"http:\/\/staging.ibermusicas.org\/index.php\/wp-json\/wp\/v2\/posts\/11629\/revisions"}],"predecessor-version":[{"id":11647,"href":"http:\/\/staging.ibermusicas.org\/index.php\/wp-json\/wp\/v2\/posts\/11629\/revisions\/11647"}],"wp:featuredmedia":[{"embeddable":true,"href":"http:\/\/staging.ibermusicas.org\/index.php\/wp-json\/wp\/v2\/media\/11630"}],"wp:attachment":[{"href":"http:\/\/staging.ibermusicas.org\/index.php\/wp-json\/wp\/v2\/media?parent=11629"}],"wp:term":[{"taxonomy":"category","embeddable":true,"href":"http:\/\/staging.ibermusicas.org\/index.php\/wp-json\/wp\/v2\/categories?post=11629"},{"taxonomy":"post_tag","embeddable":true,"href":"http:\/\/staging.ibermusicas.org\/index.php\/wp-json\/wp\/v2\/tags?post=11629"}],"curies":[{"name":"wp","href":"https:\/\/api.w.org\/{rel}","templated":true}]}}