{"id":11635,"date":"2022-04-29T16:23:46","date_gmt":"2022-04-29T16:23:46","guid":{"rendered":"http:\/\/staging.ibermusicas.org\/?p=11635"},"modified":"2022-07-29T17:35:25","modified_gmt":"2022-07-29T17:35:25","slug":"na-cidade-de-jaco-costa-rica-foi-realizado-o-xix-conselho-intergovernamental-presencial-do-programa-ibermusicas","status":"publish","type":"post","link":"http:\/\/staging.ibermusicas.org\/index.php\/na-cidade-de-jaco-costa-rica-foi-realizado-o-xix-conselho-intergovernamental-presencial-do-programa-ibermusicas\/","title":{"rendered":"Na cidade de Jac\u00f3, Costa Rica, foi realizado o XIX Conselho Intergovernamental Presencial do Programa IBERM\u00daSICAS"},"content":{"rendered":"<p>Entre os dias 27 e 29 de abril, em Jac\u00f3, Costa Rica, realizou-se a D\u00e9cima Nona Reuni\u00e3o do Conselho Intergovernamental do Programa de Fomento das M\u00fasicas Ibero-Americanas, Iberm\u00fasicas, com a participa\u00e7\u00e3o de representantes da Argentina, Brasil, Chile, Col\u00f4mbia, Costa Rica, Cuba, Equador, M\u00e9xico, Panam\u00e1, Paraguai, Portugal, Peru, Uruguai e a Unidade T\u00e9cnica Iberm\u00fasicas. A reuni\u00e3o contou com a participa\u00e7\u00e3o, na qualidade de pa\u00eds convidado observador do Estado Plurinacional da Bol\u00edvia, da pessoa de Sabina Orellana Cruz, Ministra de Culturas, Descoloniza\u00e7\u00e3o e Despatriarcaliza\u00e7\u00e3o.<\/p>\n<p>Tratou-se de tr\u00eas dias de trabalho intenso e ininterrupto, em que foram elaboradas as bases dos concursos que ser\u00e3o lan\u00e7ados prontamente, tendo sido avaliadas as a\u00e7\u00f5es realizadas pelo programa durante o ano anterior, foram analisados indicadores e planeadas novas a\u00e7\u00f5es a implementar a curto e m\u00e9dio prazo.<\/p>\n<p>Ap\u00f3s dois anos de reuni\u00f5es virtuais, este foi o primeiro encontro em modo presencial. Estamos felizes com o trabalho realizado e estamos firmemente convencidos de que os projetos desenvolvidos e os acordos alcan\u00e7ados gerar\u00e3o a\u00e7\u00f5es virtuosas para todo o setor musical ibero-americano.<\/p>\n","protected":false},"excerpt":{"rendered":"<p>Entre os dias 27 e 29 de abril, em Jac\u00f3, Costa Rica, realizou-se a D\u00e9cima Nona Reuni\u00e3o do Conselho Intergovernamental do Programa de Fomento das M\u00fasicas Ibero-Americanas, Iberm\u00fasicas, com a participa\u00e7\u00e3o de representantes da Argentina, Brasil, Chile, Col\u00f4mbia, Costa Rica, Cuba, Equador, M\u00e9xico, Panam\u00e1, Paraguai, Portugal, Peru, Uruguai e a Unidade T\u00e9cnica Iberm\u00fasicas. A reuni\u00e3o [&hellip;]<\/p>\n","protected":false},"author":1,"featured_media":11630,"comment_status":"closed","ping_status":"closed","sticky":false,"template":"","format":"standard","meta":{"footnotes":""},"categories":[218],"tags":[],"class_list":["post-11635","post","type-post","status-publish","format-standard","has-post-thumbnail","hentry","category-noticias-generales-pt"],"lang":"pt","translations":{"pt":11635,"es":11629},"pll_sync_post":[],"post_mailing_queue_ids":[],"_links":{"self":[{"href":"http:\/\/staging.ibermusicas.org\/index.php\/wp-json\/wp\/v2\/posts\/11635","targetHints":{"allow":["GET"]}}],"collection":[{"href":"http:\/\/staging.ibermusicas.org\/index.php\/wp-json\/wp\/v2\/posts"}],"about":[{"href":"http:\/\/staging.ibermusicas.org\/index.php\/wp-json\/wp\/v2\/types\/post"}],"author":[{"embeddable":true,"href":"http:\/\/staging.ibermusicas.org\/index.php\/wp-json\/wp\/v2\/users\/1"}],"replies":[{"embeddable":true,"href":"http:\/\/staging.ibermusicas.org\/index.php\/wp-json\/wp\/v2\/comments?post=11635"}],"version-history":[{"count":2,"href":"http:\/\/staging.ibermusicas.org\/index.php\/wp-json\/wp\/v2\/posts\/11635\/revisions"}],"predecessor-version":[{"id":11648,"href":"http:\/\/staging.ibermusicas.org\/index.php\/wp-json\/wp\/v2\/posts\/11635\/revisions\/11648"}],"wp:featuredmedia":[{"embeddable":true,"href":"http:\/\/staging.ibermusicas.org\/index.php\/wp-json\/wp\/v2\/media\/11630"}],"wp:attachment":[{"href":"http:\/\/staging.ibermusicas.org\/index.php\/wp-json\/wp\/v2\/media?parent=11635"}],"wp:term":[{"taxonomy":"category","embeddable":true,"href":"http:\/\/staging.ibermusicas.org\/index.php\/wp-json\/wp\/v2\/categories?post=11635"},{"taxonomy":"post_tag","embeddable":true,"href":"http:\/\/staging.ibermusicas.org\/index.php\/wp-json\/wp\/v2\/tags?post=11635"}],"curies":[{"name":"wp","href":"https:\/\/api.w.org\/{rel}","templated":true}]}}