{"id":11649,"date":"2022-05-05T17:30:26","date_gmt":"2022-05-05T17:30:26","guid":{"rendered":"http:\/\/staging.ibermusicas.org\/?p=11649"},"modified":"2022-05-16T18:19:45","modified_gmt":"2022-05-16T18:19:45","slug":"llega-el-lanzamiento-del-album-camino-para-el-samba-colaboracion-del-poeta-portugues-tiago-torres-da-silva-y-del-cantante-y-compositor-brasileno-marcos-sacramento","status":"publish","type":"post","link":"http:\/\/staging.ibermusicas.org\/index.php\/llega-el-lanzamiento-del-album-camino-para-el-samba-colaboracion-del-poeta-portugues-tiago-torres-da-silva-y-del-cantante-y-compositor-brasileno-marcos-sacramento\/","title":{"rendered":"Llega el lanzamiento del \u00e1lbum \u00abCamino para el samba\u00bb, colaboraci\u00f3n del poeta portugu\u00e9s Tiago Torres da Silva y del cantante y compositor brasile\u00f1o Marcos Sacramento"},"content":{"rendered":"<p>El proyecto \u00abCamino para el samba &#8211; lanzamiento en Portugal\u00bb tiene como objetivo la grabaci\u00f3n y transmisi\u00f3n del show de lanzamiento del \u00e1lbum \u00abCamino para el samba\u00bb, con colaboraciones in\u00e9ditas del poeta portugu\u00e9s Tiago Torres da Silva y del cantante y compositor brasile\u00f1o Marcos Sacramento. La colaboraci\u00f3n entre Sacramento y Tiago viene de lejos, sus canciones ya fueron grabadas, entre otros, por la aclamada cantante portuguesa Joana Amendoeira. El proyecto celebra, por lo tanto, la madurez de este encuentro art\u00edstico entre un leg\u00edtimo representante de la m\u00fasica popular brasile\u00f1a y un compositor reconocido por promover un tr\u00e1nsito en ambas direcciones entre Portugal y Brasil.<\/p>\n<p>Marcos Sacramento tiene 17 \u00e1lbumes lanzados en 37 a\u00f1os de carrera. Ha actuado en importantes escenarios y festivales en Brasil, adem\u00e1s de haber actuado en Portugal, Francia, Italia, Alemania, Holanda, Noruega, EE.UU., B\u00e9lgica, Inglaterra, Argentina y Gab\u00f3n. Paralelamente a su refinado trabajo autoral, Sacramento tambi\u00e9n se destac\u00f3 en piezas musicales de \u00e9xito (\u00abEs con el que voy\u00bb &#8211; 2010; \u00abForrobod\u00f3\u00bb &#8211; 2013; \u00abPuro Ney\u00bb &#8211; 2017; entre otros) y proyectos especiales que resultaron en discos, como \u00abAracy de Almeida &#8211; La Reina de los Parangol\u00e9s\u00bb, bajo la direcci\u00f3n de Herm\u00ednio Bello de Carvalho; \u00abEs s\u00ed, Sinh\u00f4\u00bb; \u00ab100 a\u00f1os de Ataulfo Alves\u00bb y \u00abEl samba carioca de Wilson Batista\u00bb.<\/p>\n<p>Tiago Torres da Silva es escritor, dramaturgo y compositor. En Brasil, sus canciones ya fueron grabadas por grandes int\u00e9rpretes de la MPB, como Maria Beth\u00e2nia, Simone, Elba Ramalho, Ney Matogrosso, Daniela Mercury, Seu Jorge, Alcione, Chico C\u00e9sar, Z\u00e9lia Duncan, Joanna, Zeca Baleiro y otros. En Portugal, ha tenido canciones grabadas por Ant\u00f3nio Zambujo, Carminho, N\u00e9 Ladeiras, Maria Jo\u00e3o, Pilar, Mafalda Arnauth y Eug\u00e9nia Melo e Castro. Amigo de la fadista Am\u00e1lia Rodrigues, fue el autor de un espect\u00e1culo teatral en homenaje a la cantante, que tuvo como protagonista a la actriz brasile\u00f1a Bibi Ferreira, titulado \u00abBibi vive Am\u00e1lia\u00bb, presentado en Portugal y en varias ciudades de Brasil, en 2001.<\/p>\n<p>Ver y escuchar en:\u00a0<a href=\"https:\/\/lt.mydplr.com\/224aefbcc39a91bb497e039534de0b1f-81868bec073b3970fa62af291f12b42d\" target=\"_blank\" rel=\"noopener\" data-saferedirecturl=\"https:\/\/www.google.com\/url?q=https:\/\/lt.mydplr.com\/224aefbcc39a91bb497e039534de0b1f-81868bec073b3970fa62af291f12b42d&amp;source=gmail&amp;ust=1651857097220000&amp;usg=AOvVaw3AM_ouJGPMuO1wWtRjjTn5\">Youtube.com<\/a><\/p>\n","protected":false},"excerpt":{"rendered":"<p>El proyecto \u00abCamino para el samba &#8211; lanzamiento en Portugal\u00bb tiene como objetivo la grabaci\u00f3n y transmisi\u00f3n del show de lanzamiento del \u00e1lbum \u00abCamino para el samba\u00bb, con colaboraciones in\u00e9ditas del poeta portugu\u00e9s Tiago Torres da Silva y del cantante y compositor brasile\u00f1o Marcos Sacramento. La colaboraci\u00f3n entre Sacramento y Tiago viene de lejos, sus [&hellip;]<\/p>\n","protected":false},"author":1,"featured_media":11650,"comment_status":"closed","ping_status":"closed","sticky":false,"template":"","format":"standard","meta":{"footnotes":""},"categories":[53],"tags":[],"class_list":["post-11649","post","type-post","status-publish","format-standard","has-post-thumbnail","hentry","category-noticias-generales"],"lang":"es","translations":{"es":11649,"pt":11652},"pll_sync_post":[],"post_mailing_queue_ids":[],"_links":{"self":[{"href":"http:\/\/staging.ibermusicas.org\/index.php\/wp-json\/wp\/v2\/posts\/11649","targetHints":{"allow":["GET"]}}],"collection":[{"href":"http:\/\/staging.ibermusicas.org\/index.php\/wp-json\/wp\/v2\/posts"}],"about":[{"href":"http:\/\/staging.ibermusicas.org\/index.php\/wp-json\/wp\/v2\/types\/post"}],"author":[{"embeddable":true,"href":"http:\/\/staging.ibermusicas.org\/index.php\/wp-json\/wp\/v2\/users\/1"}],"replies":[{"embeddable":true,"href":"http:\/\/staging.ibermusicas.org\/index.php\/wp-json\/wp\/v2\/comments?post=11649"}],"version-history":[{"count":1,"href":"http:\/\/staging.ibermusicas.org\/index.php\/wp-json\/wp\/v2\/posts\/11649\/revisions"}],"predecessor-version":[{"id":11651,"href":"http:\/\/staging.ibermusicas.org\/index.php\/wp-json\/wp\/v2\/posts\/11649\/revisions\/11651"}],"wp:featuredmedia":[{"embeddable":true,"href":"http:\/\/staging.ibermusicas.org\/index.php\/wp-json\/wp\/v2\/media\/11650"}],"wp:attachment":[{"href":"http:\/\/staging.ibermusicas.org\/index.php\/wp-json\/wp\/v2\/media?parent=11649"}],"wp:term":[{"taxonomy":"category","embeddable":true,"href":"http:\/\/staging.ibermusicas.org\/index.php\/wp-json\/wp\/v2\/categories?post=11649"},{"taxonomy":"post_tag","embeddable":true,"href":"http:\/\/staging.ibermusicas.org\/index.php\/wp-json\/wp\/v2\/tags?post=11649"}],"curies":[{"name":"wp","href":"https:\/\/api.w.org\/{rel}","templated":true}]}}