{"id":11652,"date":"2022-05-05T17:31:42","date_gmt":"2022-05-05T17:31:42","guid":{"rendered":"http:\/\/staging.ibermusicas.org\/?p=11652"},"modified":"2022-05-16T18:20:50","modified_gmt":"2022-05-16T18:20:50","slug":"chega-o-lancamento-do-album-caminho-para-o-samba-parceria-do-poeta-portugues-tiago-torres-da-silva-e-do-cantor-e-compositor-brasileiro-marcos-sacramento","status":"publish","type":"post","link":"http:\/\/staging.ibermusicas.org\/index.php\/chega-o-lancamento-do-album-caminho-para-o-samba-parceria-do-poeta-portugues-tiago-torres-da-silva-e-do-cantor-e-compositor-brasileiro-marcos-sacramento\/","title":{"rendered":"Chega o lan\u00e7amento do \u00e1lbum \u201cCaminho para o samba\u201d, parceria do poeta portugu\u00eas Tiago Torres da Silva e do cantor e compositor brasileiro Marcos Sacramento"},"content":{"rendered":"<p>O projeto \u201cCaminho para o samba \u2013 lan\u00e7amento em Portugal\u201d tem como objetivo a grava\u00e7\u00e3o e veicula\u00e7\u00e3o do show de lan\u00e7amento do \u00e1lbum \u201cCaminho para o samba\u201d, com parcerias in\u00e9ditas do poeta portugu\u00eas Tiago Torres da Silva e do cantor e compositor brasileiro Marcos Sacramento. A parceria entre Sacramento e Tiago vem de longe, suas can\u00e7\u00f5es j\u00e1 foram gravadas, entre outros, pela aclamada cantora portuguesa Joana Amendoeira. O projeto celebra, portanto, a maturidade desse encontro art\u00edstico entre um leg\u00edtimo representante da m\u00fasica popular brasileira e um compositor reconhecido por promover um tr\u00e2nsito de duplo sentido entre Portugal e Brasil.<\/p>\n<p>Marcos Sacramento tem 17 \u00e1lbuns lan\u00e7ados em 37 anos de carreira. Tem se apresentado em importantes palcos e festivais no Brasil, al\u00e9m de ter atuado em Portugal, Fran\u00e7a, It\u00e1lia, Alemanha, Holanda, Noruega, EUA, B\u00e9lgica, Inglaterra, Argentina e Gab\u00e3o. Paralelamente ao seu refinado trabalho autoral, Sacramento tamb\u00e9m se destacou em pe\u00e7as musicais de sucesso (\u201c\u00c9 com esse que eu vou\u201d &#8211; 2010; \u201cForrobod\u00f3\u201d &#8211; 2013; \u201cPuro Ney\u201d \u2013 2017; entre outros) e projetos especiais que resultaram em discos, como \u201cAracy de Almeida \u2013 A Rainha dos Parangol\u00e9s\u201d, sob a dire\u00e7\u00e3o de Herm\u00ednio Bello de Carvalho; \u201c\u00c9 sim, Sinh\u00f4\u201d; \u201c100 anos de Ataulfo Alves\u201d e \u201cO samba carioca de Wilson Batista\u201d.<\/p>\n<p>Tiago Torres da Silva \u00e9 escritor, dramaturgo e compositor. No Brasil, suas can\u00e7\u00f5es j\u00e1 foram gravadas por grandes int\u00e9rpretes da MPB, como Maria Beth\u00e2nia, Simone, Elba Ramalho, Ney Matogrosso, Daniela Mercury, Seu Jorge, Alcione, Chico C\u00e9sar, Z\u00e9lia Duncan, Joanna, Zeca Baleiro e outros. Em Portugal, j\u00e1 teve m\u00fasicas gravadas por Ant\u00f3nio Zambujo, Carminho, N\u00e9 Ladeiras, Maria Jo\u00e3o, Pilar, Mafalda Arnauth e Eug\u00e9nia Melo e Castro. Amigo da fadista Am\u00e1lia Rodrigues, foi o autor de um espet\u00e1culo teatral em homenagem \u00e0 cantora, que teve como protagonista a atriz brasileira Bibi Ferreira, intitulado \u00abBibi vive Am\u00e1lia\u00bb, apresentado em Portugal e em v\u00e1rias cidades do Brasil, em 2001.<\/p>\n<p>Ver e ouvir em:\u00a0<a href=\"https:\/\/lt.mydplr.com\/224aefbcc39a91bb497e039534de0b1f-81868bec073b3970fa62af291f12b42d\" target=\"_blank\" rel=\"noopener\" data-saferedirecturl=\"https:\/\/www.google.com\/url?q=https:\/\/lt.mydplr.com\/224aefbcc39a91bb497e039534de0b1f-81868bec073b3970fa62af291f12b42d&amp;source=gmail&amp;ust=1651857097221000&amp;usg=AOvVaw2-gWG4uBtiY0t8hLIqlye_\">Youtube.com<\/a><\/p>\n","protected":false},"excerpt":{"rendered":"<p>O projeto \u201cCaminho para o samba \u2013 lan\u00e7amento em Portugal\u201d tem como objetivo a grava\u00e7\u00e3o e veicula\u00e7\u00e3o do show de lan\u00e7amento do \u00e1lbum \u201cCaminho para o samba\u201d, com parcerias in\u00e9ditas do poeta portugu\u00eas Tiago Torres da Silva e do cantor e compositor brasileiro Marcos Sacramento. A parceria entre Sacramento e Tiago vem de longe, suas [&hellip;]<\/p>\n","protected":false},"author":1,"featured_media":11650,"comment_status":"closed","ping_status":"closed","sticky":false,"template":"","format":"standard","meta":{"footnotes":""},"categories":[218],"tags":[],"class_list":["post-11652","post","type-post","status-publish","format-standard","has-post-thumbnail","hentry","category-noticias-generales-pt"],"lang":"pt","translations":{"pt":11652,"es":11649},"pll_sync_post":[],"post_mailing_queue_ids":[],"_links":{"self":[{"href":"http:\/\/staging.ibermusicas.org\/index.php\/wp-json\/wp\/v2\/posts\/11652","targetHints":{"allow":["GET"]}}],"collection":[{"href":"http:\/\/staging.ibermusicas.org\/index.php\/wp-json\/wp\/v2\/posts"}],"about":[{"href":"http:\/\/staging.ibermusicas.org\/index.php\/wp-json\/wp\/v2\/types\/post"}],"author":[{"embeddable":true,"href":"http:\/\/staging.ibermusicas.org\/index.php\/wp-json\/wp\/v2\/users\/1"}],"replies":[{"embeddable":true,"href":"http:\/\/staging.ibermusicas.org\/index.php\/wp-json\/wp\/v2\/comments?post=11652"}],"version-history":[{"count":1,"href":"http:\/\/staging.ibermusicas.org\/index.php\/wp-json\/wp\/v2\/posts\/11652\/revisions"}],"predecessor-version":[{"id":11653,"href":"http:\/\/staging.ibermusicas.org\/index.php\/wp-json\/wp\/v2\/posts\/11652\/revisions\/11653"}],"wp:featuredmedia":[{"embeddable":true,"href":"http:\/\/staging.ibermusicas.org\/index.php\/wp-json\/wp\/v2\/media\/11650"}],"wp:attachment":[{"href":"http:\/\/staging.ibermusicas.org\/index.php\/wp-json\/wp\/v2\/media?parent=11652"}],"wp:term":[{"taxonomy":"category","embeddable":true,"href":"http:\/\/staging.ibermusicas.org\/index.php\/wp-json\/wp\/v2\/categories?post=11652"},{"taxonomy":"post_tag","embeddable":true,"href":"http:\/\/staging.ibermusicas.org\/index.php\/wp-json\/wp\/v2\/tags?post=11652"}],"curies":[{"name":"wp","href":"https:\/\/api.w.org\/{rel}","templated":true}]}}