{"id":11654,"date":"2022-05-05T17:35:21","date_gmt":"2022-05-05T17:35:21","guid":{"rendered":"http:\/\/staging.ibermusicas.org\/?p=11654"},"modified":"2022-05-16T18:19:35","modified_gmt":"2022-05-16T18:19:35","slug":"un-notable-trabajo-que-llega-desde-uruguay-los-bajos-del-candombe","status":"publish","type":"post","link":"http:\/\/staging.ibermusicas.org\/index.php\/un-notable-trabajo-que-llega-desde-uruguay-los-bajos-del-candombe\/","title":{"rendered":"Un notable trabajo que llega desde Uruguay: Los bajos del Candombe"},"content":{"rendered":"<p>Nacho Mateu y Marcos Exp\u00f3sito coincidieron en el estudio del bajo y desarrollaron, en paralelo, destacadas carreras como instrumentistas de sesi\u00f3n y de sus propios proyectos. Hace siete a\u00f1os, por pura curiosidad, y cada uno por su lado, comenzaron a transcribir piezas claves del candombe y el candombe fusi\u00f3n al lenguaje musical y se les ocurri\u00f3 la idea de hacer algo m\u00e1s con esa labor en com\u00fan. El resultado final es Los bajos del Candombe, un libro de 404 p\u00e1ginas que abre con humildad, respeto y extremo cuidado una puerta hacia la historia del candombe.<\/p>\n<p>Esta publicaci\u00f3n de gran formato, publicada a principios de 2021, compila, sistematiza, divulga y ense\u00f1a las diversas variantes que a lo largo de los tiempos, m\u00fasicos, compositores y tocadores fueron inventando y descubriendo para acompa\u00f1ar el candombe como g\u00e9nero musical y manifestaci\u00f3n cultural. Los bajos del candombe, todos distintos y todos parte de la misma especie, conviven en este libro junto a entrevistas a los referentes y pioneros del candombe uruguayo y m\u00e1s de 50 partituras y grooves en formato play along para aprender tocando. Contribuyendo a la posteridad, el material amplifica el inter\u00e9s por el candombe y su reconocimiento como leg\u00edtima contribuci\u00f3n del Uruguay a la cultura mundial.<\/p>\n<p>Martes 2 de mayo de 16 a 19 hs. Evento en modalidad virtual en colaboraci\u00f3n con UNILA (Universidad de la Integraci\u00f3n Latinoamericana, Brasil)<\/p>\n","protected":false},"excerpt":{"rendered":"<p>Nacho Mateu y Marcos Exp\u00f3sito coincidieron en el estudio del bajo y desarrollaron, en paralelo, destacadas carreras como instrumentistas de sesi\u00f3n y de sus propios proyectos. Hace siete a\u00f1os, por pura curiosidad, y cada uno por su lado, comenzaron a transcribir piezas claves del candombe y el candombe fusi\u00f3n al lenguaje musical y se les [&hellip;]<\/p>\n","protected":false},"author":1,"featured_media":11655,"comment_status":"closed","ping_status":"closed","sticky":false,"template":"","format":"standard","meta":{"footnotes":""},"categories":[53],"tags":[],"class_list":["post-11654","post","type-post","status-publish","format-standard","has-post-thumbnail","hentry","category-noticias-generales"],"lang":"es","translations":{"es":11654,"pt":11657},"pll_sync_post":[],"post_mailing_queue_ids":[],"_links":{"self":[{"href":"http:\/\/staging.ibermusicas.org\/index.php\/wp-json\/wp\/v2\/posts\/11654","targetHints":{"allow":["GET"]}}],"collection":[{"href":"http:\/\/staging.ibermusicas.org\/index.php\/wp-json\/wp\/v2\/posts"}],"about":[{"href":"http:\/\/staging.ibermusicas.org\/index.php\/wp-json\/wp\/v2\/types\/post"}],"author":[{"embeddable":true,"href":"http:\/\/staging.ibermusicas.org\/index.php\/wp-json\/wp\/v2\/users\/1"}],"replies":[{"embeddable":true,"href":"http:\/\/staging.ibermusicas.org\/index.php\/wp-json\/wp\/v2\/comments?post=11654"}],"version-history":[{"count":1,"href":"http:\/\/staging.ibermusicas.org\/index.php\/wp-json\/wp\/v2\/posts\/11654\/revisions"}],"predecessor-version":[{"id":11656,"href":"http:\/\/staging.ibermusicas.org\/index.php\/wp-json\/wp\/v2\/posts\/11654\/revisions\/11656"}],"wp:featuredmedia":[{"embeddable":true,"href":"http:\/\/staging.ibermusicas.org\/index.php\/wp-json\/wp\/v2\/media\/11655"}],"wp:attachment":[{"href":"http:\/\/staging.ibermusicas.org\/index.php\/wp-json\/wp\/v2\/media?parent=11654"}],"wp:term":[{"taxonomy":"category","embeddable":true,"href":"http:\/\/staging.ibermusicas.org\/index.php\/wp-json\/wp\/v2\/categories?post=11654"},{"taxonomy":"post_tag","embeddable":true,"href":"http:\/\/staging.ibermusicas.org\/index.php\/wp-json\/wp\/v2\/tags?post=11654"}],"curies":[{"name":"wp","href":"https:\/\/api.w.org\/{rel}","templated":true}]}}