{"id":11657,"date":"2022-05-05T17:38:00","date_gmt":"2022-05-05T17:38:00","guid":{"rendered":"http:\/\/staging.ibermusicas.org\/?p=11657"},"modified":"2022-05-16T18:20:44","modified_gmt":"2022-05-16T18:20:44","slug":"um-notavel-trabalho-que-chega-desde-o-uruguai-os-baixos-do-candombe","status":"publish","type":"post","link":"http:\/\/staging.ibermusicas.org\/index.php\/um-notavel-trabalho-que-chega-desde-o-uruguai-os-baixos-do-candombe\/","title":{"rendered":"Um not\u00e1vel trabalho que chega desde o Uruguai: Os baixos do Candombe"},"content":{"rendered":"<p>Nacho Mateu e Marcos Exp\u00f3sito coincidiram no estudo do baixo e desenvolveram, paralelamente, destacadas carreiras como instrumentistas de sess\u00e3o e de seus pr\u00f3prios projetos. H\u00e1 sete anos, por pura curiosidade, e cada um por seu lado, come\u00e7aram a transcrever pe\u00e7as chaves do candombe e do candombe fus\u00e3o \u00e0 linguagem musical e tiveram a ideia de fazer algo mais com esse trabalho em comum. O resultado final \u00e9 Os baixos do Candombe, um livro de 404 p\u00e1ginas que abre com humildade, respeito e extremo cuidado uma porta para a hist\u00f3ria do candombe.<\/p>\n<p>Esta publica\u00e7\u00e3o de grande formato, publicada no in\u00edcio de 2021, compila, sistematiza, divulga e ensina as diversas variantes que ao longo dos tempos, m\u00fasicos, compositores e tocadores foram inventando e descobrindo para acompanhar o candombe como g\u00eanero musical e manifesta\u00e7\u00e3o cultural. Os baixos do candombe, todos distintos e todos parte da mesma esp\u00e9cie, convivem neste livro junto a entrevistas aos referentes e pioneiros do candombe uruguaio e mais de 50 partituras e Grooves em formato play Along para aprender tocando. Contribuindo para a posteridade, o material amplifica o interesse pelo candombe e seu reconhecimento como leg\u00edtima contribui\u00e7\u00e3o do Uruguai \u00e0 cultura mundial.<\/p>\n<p>Ter\u00e7a-feira 2 de maio de 16 a 19 hs. Evento em modalidade virtual em colabora\u00e7\u00e3o com UNILA (Universidade da Integra\u00e7\u00e3o Latino-americana, Brasil)<\/p>\n","protected":false},"excerpt":{"rendered":"<p>Nacho Mateu e Marcos Exp\u00f3sito coincidiram no estudo do baixo e desenvolveram, paralelamente, destacadas carreiras como instrumentistas de sess\u00e3o e de seus pr\u00f3prios projetos. H\u00e1 sete anos, por pura curiosidade, e cada um por seu lado, come\u00e7aram a transcrever pe\u00e7as chaves do candombe e do candombe fus\u00e3o \u00e0 linguagem musical e tiveram a ideia de [&hellip;]<\/p>\n","protected":false},"author":1,"featured_media":11655,"comment_status":"closed","ping_status":"closed","sticky":false,"template":"","format":"standard","meta":{"footnotes":""},"categories":[218],"tags":[],"class_list":["post-11657","post","type-post","status-publish","format-standard","has-post-thumbnail","hentry","category-noticias-generales-pt"],"lang":"pt","translations":{"pt":11657,"es":11654},"pll_sync_post":[],"post_mailing_queue_ids":[],"_links":{"self":[{"href":"http:\/\/staging.ibermusicas.org\/index.php\/wp-json\/wp\/v2\/posts\/11657","targetHints":{"allow":["GET"]}}],"collection":[{"href":"http:\/\/staging.ibermusicas.org\/index.php\/wp-json\/wp\/v2\/posts"}],"about":[{"href":"http:\/\/staging.ibermusicas.org\/index.php\/wp-json\/wp\/v2\/types\/post"}],"author":[{"embeddable":true,"href":"http:\/\/staging.ibermusicas.org\/index.php\/wp-json\/wp\/v2\/users\/1"}],"replies":[{"embeddable":true,"href":"http:\/\/staging.ibermusicas.org\/index.php\/wp-json\/wp\/v2\/comments?post=11657"}],"version-history":[{"count":1,"href":"http:\/\/staging.ibermusicas.org\/index.php\/wp-json\/wp\/v2\/posts\/11657\/revisions"}],"predecessor-version":[{"id":11658,"href":"http:\/\/staging.ibermusicas.org\/index.php\/wp-json\/wp\/v2\/posts\/11657\/revisions\/11658"}],"wp:featuredmedia":[{"embeddable":true,"href":"http:\/\/staging.ibermusicas.org\/index.php\/wp-json\/wp\/v2\/media\/11655"}],"wp:attachment":[{"href":"http:\/\/staging.ibermusicas.org\/index.php\/wp-json\/wp\/v2\/media?parent=11657"}],"wp:term":[{"taxonomy":"category","embeddable":true,"href":"http:\/\/staging.ibermusicas.org\/index.php\/wp-json\/wp\/v2\/categories?post=11657"},{"taxonomy":"post_tag","embeddable":true,"href":"http:\/\/staging.ibermusicas.org\/index.php\/wp-json\/wp\/v2\/tags?post=11657"}],"curies":[{"name":"wp","href":"https:\/\/api.w.org\/{rel}","templated":true}]}}